{"id":907,"date":"2022-04-07T04:45:16","date_gmt":"2022-04-07T04:45:16","guid":{"rendered":"https:\/\/www.zapateriachis.com\/blog\/?p=907"},"modified":"2022-04-07T04:45:24","modified_gmt":"2022-04-07T04:45:24","slug":"madre-adopto-a-un-nino-con-paralisis-cerebral-y-cuida-de-el-por-mas-de-42-anos","status":"publish","type":"post","link":"https:\/\/www.zapateriachis.com\/blog\/madre-adopto-a-un-nino-con-paralisis-cerebral-y-cuida-de-el-por-mas-de-42-anos\/","title":{"rendered":"Madre adopto a un ni\u00f1o con par\u00e1lisis cerebral y cuida de \u00e9l, por m\u00e1s de 42 a\u00f1os"},"content":{"rendered":"\n<p>El amor de una madre es ese tipo de amor que todo lo puede y nunca dejar\u00e1 de luchar por sus hijos. A pesar de tener todo en contra, nunca una madre dejar de luchar por darle lo mejor a sus hijos. Te contamos la historia de Peng Lianqing quien es un s\u00edmbolo de amor de madre y deseamos que haya m\u00e1s personas que sigan su ejemplo.<\/p>\n\n\n\n<p>Peng Lianqing ha cuidado a su hijo con par\u00e1lisis cerebral, durante m\u00e1s de 42 a\u00f1os desde que fue abandonado en su puerta con dos semanas de haber nacido. Peng de 73 a\u00f1os, comenta que no ha sido un sacrificio sino un placer haber cuidado a su \u00fanico hijo Chen Zhixiang, que tiene par\u00e1lisis cerebral y necesita atenci\u00f3n todo el d\u00eda. La condici\u00f3n de su hijo no fue ning\u00fan impedimento para que ella y su esposo disfruten de su familia y le den todo lo que necesitaba.<\/p>\n\n\n\n<div class=\"wp-block-image\"><figure class=\"aligncenter size-full\"><img loading=\"lazy\" decoding=\"async\" width=\"728\" height=\"952\" data-attachment-id=\"909\" data-permalink=\"https:\/\/www.zapateriachis.com\/blog\/madre-adopto-a-un-nino-con-paralisis-cerebral-y-cuida-de-el-por-mas-de-42-anos\/madre-adopto-a-un-nino-con-paralisis-cerebral-y-cuida-de-el-por-mas-de-40-anos-2\/\" data-orig-file=\"https:\/\/i0.wp.com\/www.zapateriachis.com\/blog\/wp-content\/uploads\/2022\/04\/Madre-adopto-a-un-nino-con-paralisis-cerebral-y-cuida-de-el-por-mas-de-40-anos-2.jpg?fit=728%2C952&amp;ssl=1\" data-orig-size=\"728,952\" data-comments-opened=\"1\" data-image-meta=\"{&quot;aperture&quot;:&quot;0&quot;,&quot;credit&quot;:&quot;&quot;,&quot;camera&quot;:&quot;&quot;,&quot;caption&quot;:&quot;&quot;,&quot;created_timestamp&quot;:&quot;0&quot;,&quot;copyright&quot;:&quot;&quot;,&quot;focal_length&quot;:&quot;0&quot;,&quot;iso&quot;:&quot;0&quot;,&quot;shutter_speed&quot;:&quot;0&quot;,&quot;title&quot;:&quot;&quot;,&quot;orientation&quot;:&quot;1&quot;}\" data-image-title=\"Madre-adopto-a-un-nino-con-paralisis-cerebral-y-cuida-de-el-por-mas-de-40-anos-2\" data-image-description=\"\" data-image-caption=\"\" data-medium-file=\"https:\/\/i0.wp.com\/www.zapateriachis.com\/blog\/wp-content\/uploads\/2022\/04\/Madre-adopto-a-un-nino-con-paralisis-cerebral-y-cuida-de-el-por-mas-de-40-anos-2.jpg?fit=229%2C300&amp;ssl=1\" data-large-file=\"https:\/\/i0.wp.com\/www.zapateriachis.com\/blog\/wp-content\/uploads\/2022\/04\/Madre-adopto-a-un-nino-con-paralisis-cerebral-y-cuida-de-el-por-mas-de-40-anos-2.jpg?fit=728%2C952&amp;ssl=1\" src=\"https:\/\/i0.wp.com\/www.zapateriachis.com\/blog\/wp-content\/uploads\/2022\/04\/Madre-adopto-a-un-nino-con-paralisis-cerebral-y-cuida-de-el-por-mas-de-40-anos-2.jpg?resize=728%2C952&#038;ssl=1\" alt=\"\" class=\"wp-image-909\" srcset=\"https:\/\/i0.wp.com\/www.zapateriachis.com\/blog\/wp-content\/uploads\/2022\/04\/Madre-adopto-a-un-nino-con-paralisis-cerebral-y-cuida-de-el-por-mas-de-40-anos-2.jpg?w=728&amp;ssl=1 728w, https:\/\/i0.wp.com\/www.zapateriachis.com\/blog\/wp-content\/uploads\/2022\/04\/Madre-adopto-a-un-nino-con-paralisis-cerebral-y-cuida-de-el-por-mas-de-40-anos-2.jpg?resize=229%2C300&amp;ssl=1 229w\" sizes=\"(max-width: 728px) 100vw, 728px\" data-recalc-dims=\"1\" \/><\/figure><\/div>\n\n\n\n<p>Peng Lianqing, se desempe\u00f1\u00f3 como enfermera de Changsha y encontr\u00f3 a su hijo por sorpresa en la puerta de su casa en Julio de 1978. Aquel d\u00eda, recuerda que estaba en su d\u00eda libre cuando escuch\u00f3 los llantos de un beb\u00e9 y sali\u00f3 a verlo, encontr\u00e1ndose con un hermoso beb\u00e9 que tenia escrito la fecha de nacimiento.<\/p>\n\n\n\n<p>Peng Lianqing cuid\u00f3 al beb\u00e9 y junto a su esposo decidieron adoptarlo \u201cLa llegada del ni\u00f1o trajo mucha diversi\u00f3n a nuestra familia\u201d, coment\u00f3 la enfermera en una entrevista para el portal Changsha Evening News.<\/p>\n\n\n\n<div class=\"wp-block-image\"><figure class=\"aligncenter size-full\"><img loading=\"lazy\" decoding=\"async\" width=\"728\" height=\"937\" data-attachment-id=\"910\" data-permalink=\"https:\/\/www.zapateriachis.com\/blog\/madre-adopto-a-un-nino-con-paralisis-cerebral-y-cuida-de-el-por-mas-de-42-anos\/madre-adopto-a-un-nino-con-paralisis-cerebral-y-cuida-de-el-por-mas-de-40-anos-3\/\" data-orig-file=\"https:\/\/i0.wp.com\/www.zapateriachis.com\/blog\/wp-content\/uploads\/2022\/04\/Madre-adopto-a-un-nino-con-paralisis-cerebral-y-cuida-de-el-por-mas-de-40-anos-3.jpg?fit=728%2C937&amp;ssl=1\" data-orig-size=\"728,937\" data-comments-opened=\"1\" data-image-meta=\"{&quot;aperture&quot;:&quot;0&quot;,&quot;credit&quot;:&quot;&quot;,&quot;camera&quot;:&quot;&quot;,&quot;caption&quot;:&quot;&quot;,&quot;created_timestamp&quot;:&quot;0&quot;,&quot;copyright&quot;:&quot;&quot;,&quot;focal_length&quot;:&quot;0&quot;,&quot;iso&quot;:&quot;0&quot;,&quot;shutter_speed&quot;:&quot;0&quot;,&quot;title&quot;:&quot;&quot;,&quot;orientation&quot;:&quot;1&quot;}\" data-image-title=\"Madre-adopto-a-un-nino-con-paralisis-cerebral-y-cuida-de-el-por-mas-de-40-anos-3\" data-image-description=\"\" data-image-caption=\"\" data-medium-file=\"https:\/\/i0.wp.com\/www.zapateriachis.com\/blog\/wp-content\/uploads\/2022\/04\/Madre-adopto-a-un-nino-con-paralisis-cerebral-y-cuida-de-el-por-mas-de-40-anos-3.jpg?fit=233%2C300&amp;ssl=1\" data-large-file=\"https:\/\/i0.wp.com\/www.zapateriachis.com\/blog\/wp-content\/uploads\/2022\/04\/Madre-adopto-a-un-nino-con-paralisis-cerebral-y-cuida-de-el-por-mas-de-40-anos-3.jpg?fit=728%2C937&amp;ssl=1\" src=\"https:\/\/i0.wp.com\/www.zapateriachis.com\/blog\/wp-content\/uploads\/2022\/04\/Madre-adopto-a-un-nino-con-paralisis-cerebral-y-cuida-de-el-por-mas-de-40-anos-3.jpg?resize=728%2C937&#038;ssl=1\" alt=\"\" class=\"wp-image-910\" srcset=\"https:\/\/i0.wp.com\/www.zapateriachis.com\/blog\/wp-content\/uploads\/2022\/04\/Madre-adopto-a-un-nino-con-paralisis-cerebral-y-cuida-de-el-por-mas-de-40-anos-3.jpg?w=728&amp;ssl=1 728w, https:\/\/i0.wp.com\/www.zapateriachis.com\/blog\/wp-content\/uploads\/2022\/04\/Madre-adopto-a-un-nino-con-paralisis-cerebral-y-cuida-de-el-por-mas-de-40-anos-3.jpg?resize=233%2C300&amp;ssl=1 233w\" sizes=\"(max-width: 728px) 100vw, 728px\" data-recalc-dims=\"1\" \/><\/figure><\/div>\n\n\n\n<p>Al cumplir dos a\u00f1os, a Peng Lianqing le preocupaba que su beb\u00e9 a\u00fan no caminara, por lo que tom\u00f3 la decisi\u00f3n de llevarlo al hospital para que lo eval\u00faen. Ah\u00ed fue que Chen Zhixiang fue diagnosticado con par\u00e1lisis cerebral, lo cual involucra que iba a tener problemas con el movimiento y la coordinaci\u00f3n Es causada por una falla en las partes del cerebro responsables de controlar los m\u00fasculos.<br>Personal del hospital le coment\u00f3 a Peng que su hijo no iba a poder caminar ni aprende a leer o hablar. Y dada la situaci\u00f3n, el esposo de Peng le coment\u00f3 la posibilidad de que dejar\u00e1n al bebe en un orfanato, sin embargo ella se neg\u00f3. \u201cPens\u00e9 que \u00e9l tambi\u00e9n era una vida y que hab\u00edamos vivido juntos por dos a\u00f1os. Todos tenemos emociones.\u201d<\/p>\n\n\n\n<div class=\"wp-block-image\"><figure class=\"aligncenter size-large\"><img loading=\"lazy\" decoding=\"async\" width=\"715\" height=\"1024\" data-attachment-id=\"911\" data-permalink=\"https:\/\/www.zapateriachis.com\/blog\/madre-adopto-a-un-nino-con-paralisis-cerebral-y-cuida-de-el-por-mas-de-42-anos\/madre-adopto-a-un-nino-con-paralisis-cerebral-y-cuida-de-el-por-mas-de-40-anos-4\/\" data-orig-file=\"https:\/\/i0.wp.com\/www.zapateriachis.com\/blog\/wp-content\/uploads\/2022\/04\/Madre-adopto-a-un-nino-con-paralisis-cerebral-y-cuida-de-el-por-mas-de-40-anos-4.jpg?fit=728%2C1042&amp;ssl=1\" data-orig-size=\"728,1042\" data-comments-opened=\"1\" data-image-meta=\"{&quot;aperture&quot;:&quot;0&quot;,&quot;credit&quot;:&quot;&quot;,&quot;camera&quot;:&quot;&quot;,&quot;caption&quot;:&quot;&quot;,&quot;created_timestamp&quot;:&quot;0&quot;,&quot;copyright&quot;:&quot;&quot;,&quot;focal_length&quot;:&quot;0&quot;,&quot;iso&quot;:&quot;0&quot;,&quot;shutter_speed&quot;:&quot;0&quot;,&quot;title&quot;:&quot;&quot;,&quot;orientation&quot;:&quot;1&quot;}\" data-image-title=\"Madre-adopto-a-un-nino-con-paralisis-cerebral-y-cuida-de-el-por-mas-de-40-anos-4\" data-image-description=\"\" data-image-caption=\"\" data-medium-file=\"https:\/\/i0.wp.com\/www.zapateriachis.com\/blog\/wp-content\/uploads\/2022\/04\/Madre-adopto-a-un-nino-con-paralisis-cerebral-y-cuida-de-el-por-mas-de-40-anos-4.jpg?fit=210%2C300&amp;ssl=1\" data-large-file=\"https:\/\/i0.wp.com\/www.zapateriachis.com\/blog\/wp-content\/uploads\/2022\/04\/Madre-adopto-a-un-nino-con-paralisis-cerebral-y-cuida-de-el-por-mas-de-40-anos-4.jpg?fit=715%2C1024&amp;ssl=1\" src=\"https:\/\/i0.wp.com\/www.zapateriachis.com\/blog\/wp-content\/uploads\/2022\/04\/Madre-adopto-a-un-nino-con-paralisis-cerebral-y-cuida-de-el-por-mas-de-40-anos-4.jpg?resize=715%2C1024&#038;ssl=1\" alt=\"\" class=\"wp-image-911\" srcset=\"https:\/\/i0.wp.com\/www.zapateriachis.com\/blog\/wp-content\/uploads\/2022\/04\/Madre-adopto-a-un-nino-con-paralisis-cerebral-y-cuida-de-el-por-mas-de-40-anos-4.jpg?resize=715%2C1024&amp;ssl=1 715w, https:\/\/i0.wp.com\/www.zapateriachis.com\/blog\/wp-content\/uploads\/2022\/04\/Madre-adopto-a-un-nino-con-paralisis-cerebral-y-cuida-de-el-por-mas-de-40-anos-4.jpg?resize=210%2C300&amp;ssl=1 210w, https:\/\/i0.wp.com\/www.zapateriachis.com\/blog\/wp-content\/uploads\/2022\/04\/Madre-adopto-a-un-nino-con-paralisis-cerebral-y-cuida-de-el-por-mas-de-40-anos-4.jpg?w=728&amp;ssl=1 728w\" sizes=\"(max-width: 715px) 100vw, 715px\" data-recalc-dims=\"1\" \/><\/figure><\/div>\n\n\n\n<p>A lo largo de los a\u00f1os del ni\u00f1o, ella le brind\u00f3 todos los cuidados posibles, dando una excelente vida y mucho amor. As\u00ed como tambi\u00e9n, hizo todo lo posible por ayudarle a buscar una posible soluci\u00f3n a la par\u00e1lisis cerebral, estuvieron consultando varios hospitales por muchos a\u00f1os.<\/p>\n\n\n\n<p>Pasaron a\u00f1os y hasta d\u00e9cadas; y durante todo el tiempo, Peng nunca dejo de cuidar, vestir, ba\u00f1ar, ayudarle a comer y hasta hacer su terapia a su hijo. El esposo de Peng no estuvo de acuerdo con todo, y cada vez se mostr\u00f3 m\u00e1s distante.<\/p>\n\n\n\n<div class=\"wp-block-image\"><figure class=\"aligncenter size-large\"><img loading=\"lazy\" decoding=\"async\" width=\"719\" height=\"1024\" data-attachment-id=\"912\" data-permalink=\"https:\/\/www.zapateriachis.com\/blog\/madre-adopto-a-un-nino-con-paralisis-cerebral-y-cuida-de-el-por-mas-de-42-anos\/madre-adopto-a-un-nino-con-paralisis-cerebral-y-cuida-de-el-por-mas-de-40-anos-5\/\" data-orig-file=\"https:\/\/i0.wp.com\/www.zapateriachis.com\/blog\/wp-content\/uploads\/2022\/04\/Madre-adopto-a-un-nino-con-paralisis-cerebral-y-cuida-de-el-por-mas-de-40-anos-5.jpg?fit=728%2C1037&amp;ssl=1\" data-orig-size=\"728,1037\" data-comments-opened=\"1\" data-image-meta=\"{&quot;aperture&quot;:&quot;0&quot;,&quot;credit&quot;:&quot;&quot;,&quot;camera&quot;:&quot;&quot;,&quot;caption&quot;:&quot;&quot;,&quot;created_timestamp&quot;:&quot;0&quot;,&quot;copyright&quot;:&quot;&quot;,&quot;focal_length&quot;:&quot;0&quot;,&quot;iso&quot;:&quot;0&quot;,&quot;shutter_speed&quot;:&quot;0&quot;,&quot;title&quot;:&quot;&quot;,&quot;orientation&quot;:&quot;1&quot;}\" data-image-title=\"Madre-adopto-a-un-nino-con-paralisis-cerebral-y-cuida-de-el-por-mas-de-40-anos-5\" data-image-description=\"\" data-image-caption=\"\" data-medium-file=\"https:\/\/i0.wp.com\/www.zapateriachis.com\/blog\/wp-content\/uploads\/2022\/04\/Madre-adopto-a-un-nino-con-paralisis-cerebral-y-cuida-de-el-por-mas-de-40-anos-5.jpg?fit=211%2C300&amp;ssl=1\" data-large-file=\"https:\/\/i0.wp.com\/www.zapateriachis.com\/blog\/wp-content\/uploads\/2022\/04\/Madre-adopto-a-un-nino-con-paralisis-cerebral-y-cuida-de-el-por-mas-de-40-anos-5.jpg?fit=719%2C1024&amp;ssl=1\" src=\"https:\/\/i0.wp.com\/www.zapateriachis.com\/blog\/wp-content\/uploads\/2022\/04\/Madre-adopto-a-un-nino-con-paralisis-cerebral-y-cuida-de-el-por-mas-de-40-anos-5.jpg?resize=719%2C1024&#038;ssl=1\" alt=\"\" class=\"wp-image-912\" srcset=\"https:\/\/i0.wp.com\/www.zapateriachis.com\/blog\/wp-content\/uploads\/2022\/04\/Madre-adopto-a-un-nino-con-paralisis-cerebral-y-cuida-de-el-por-mas-de-40-anos-5.jpg?resize=719%2C1024&amp;ssl=1 719w, https:\/\/i0.wp.com\/www.zapateriachis.com\/blog\/wp-content\/uploads\/2022\/04\/Madre-adopto-a-un-nino-con-paralisis-cerebral-y-cuida-de-el-por-mas-de-40-anos-5.jpg?resize=211%2C300&amp;ssl=1 211w, https:\/\/i0.wp.com\/www.zapateriachis.com\/blog\/wp-content\/uploads\/2022\/04\/Madre-adopto-a-un-nino-con-paralisis-cerebral-y-cuida-de-el-por-mas-de-40-anos-5.jpg?w=728&amp;ssl=1 728w\" sizes=\"(max-width: 719px) 100vw, 719px\" data-recalc-dims=\"1\" \/><\/figure><\/div>\n\n\n\n<p>El esposo de Peng Lianqing falleci\u00f3 en el a\u00f1o 2011 y a partir de ese momento, ella tuvo que hacerse cargo sola de su hijo. A pesar de todos los problemas que han atravesado, ella sigui\u00f3 d\u00e1ndole todo lo que su hijo necesitaba.<\/p>\n\n\n\n<p>Actualmente, los funcionarios locales le otorgaron el t\u00edtulo de \u201cModelo moral\u201d, luego de que su historia se volviera viral. En sus declaraciones con la prensa local, Peng Lianqing asegur\u00f3 que mientras ella tenga vida, seguir\u00e1 cuidando de su hijo con mucho amor y cari\u00f1o.<\/p>\n<!-- Begin Yuzo --><div class='yuzo_related_post style-1'  data-version='5.12.82'><!-- without result --><div class='yuzo_clearfixed yuzo__title yuzo__title'><h3>Relacionados<\/h3><\/div>\n\t\t\t\t\t\t  <div class=\"relatedthumb \" style=\"width:125px;float:left;overflow:hidden;\">  \n\t\t\t\t\t\t\t  \n\t\t\t\t\t\t\t  <a  href=\"https:\/\/www.zapateriachis.com\/blog\/navidad-todos-se-alistan-para-la-ultima-campana-del-ano\/\"  >\n\t\t\t\t\t\t\t\t\t  <div class=\"yuzo-img-wrap \" style=\"width: 125px;height:90px;\">\n\t\t\t\t\t\t\t\t\t\t\n\t\t\t\t\t\t\t\t\t\t<div class=\"yuzo-img\" style=\"background:url('https:\/\/i0.wp.com\/www.zapateriachis.com\/blog\/wp-content\/uploads\/2018\/11\/navidad-peru.jpg?resize=150%2C150&ssl=1') 50% 50% no-repeat;width: 125px;height:90px;margin-bottom: 5px;background-size: cover; \"><\/div>\n\t\t\t\t\t\t\t\t\t  <\/div>\n\t\t\t\t\t\t\t\t\t  \n\t\t\t\t\t\t\t\t   <span class=\"yuzo__text--title\" style=\"font-size:13px;\">Navidad: Todos se alistan para la \u00faltima campa\u00f1a d...<\/span>\n\t\t\t\t\t\t\t  \n\t\t\t\t\t\t\t  \n\t\t\t\t\t\t\t  <\/a>\n\n\t\t\t\t\t\t  <\/div>\n\t\t\t\t\t\t  <div class=\"relatedthumb \" style=\"width:125px;float:left;overflow:hidden;\">  \n\t\t\t\t\t\t\t  \n\t\t\t\t\t\t\t  <a  href=\"https:\/\/www.zapateriachis.com\/blog\/bebe-de-7-meses-fallecio-por-coronavirus-en-sucumbios-ecuador\/\"  >\n\t\t\t\t\t\t\t\t\t  <div class=\"yuzo-img-wrap \" style=\"width: 125px;height:90px;\">\n\t\t\t\t\t\t\t\t\t\t\n\t\t\t\t\t\t\t\t\t\t<div class=\"yuzo-img\" style=\"background:url('https:\/\/i0.wp.com\/www.zapateriachis.com\/blog\/wp-content\/uploads\/2020\/03\/covid-bebes.jpg?resize=150%2C150&ssl=1') 50% 50% no-repeat;width: 125px;height:90px;margin-bottom: 5px;background-size: cover; \"><\/div>\n\t\t\t\t\t\t\t\t\t  <\/div>\n\t\t\t\t\t\t\t\t\t  \n\t\t\t\t\t\t\t\t   <span class=\"yuzo__text--title\" style=\"font-size:13px;\">Beb\u00e9 de 7 meses falleci\u00f3 por Coronavirus en Sucumb...<\/span>\n\t\t\t\t\t\t\t  \n\t\t\t\t\t\t\t  \n\t\t\t\t\t\t\t  <\/a>\n\n\t\t\t\t\t\t  <\/div>\n\t\t\t\t\t\t  <div class=\"relatedthumb \" style=\"width:125px;float:left;overflow:hidden;\">  \n\t\t\t\t\t\t\t  \n\t\t\t\t\t\t\t  <a  href=\"https:\/\/www.zapateriachis.com\/blog\/los-mejores-nombres-de-angeles-mujeres\/\"  >\n\t\t\t\t\t\t\t\t\t  <div class=\"yuzo-img-wrap \" style=\"width: 125px;height:90px;\">\n\t\t\t\t\t\t\t\t\t\t\n\t\t\t\t\t\t\t\t\t\t<div class=\"yuzo-img\" style=\"background:url('https:\/\/i0.wp.com\/www.zapateriachis.com\/blog\/wp-content\/uploads\/2024\/06\/Los-Mejores-Nombres-de-Angeles-Mujeres.jpg?resize=150%2C150&ssl=1') 50% 50% no-repeat;width: 125px;height:90px;margin-bottom: 5px;background-size: cover; \"><\/div>\n\t\t\t\t\t\t\t\t\t  <\/div>\n\t\t\t\t\t\t\t\t\t  \n\t\t\t\t\t\t\t\t   <span class=\"yuzo__text--title\" style=\"font-size:13px;\">Los Mejores Nombres de Angeles Mujeres<\/span>\n\t\t\t\t\t\t\t  \n\t\t\t\t\t\t\t  \n\t\t\t\t\t\t\t  <\/a>\n\n\t\t\t\t\t\t  <\/div>\n\t\t\t\t\t\t  <div class=\"relatedthumb \" style=\"width:125px;float:left;overflow:hidden;\">  \n\t\t\t\t\t\t\t  \n\t\t\t\t\t\t\t  <a  href=\"https:\/\/www.zapateriachis.com\/blog\/los-nombres-de-angeles-para-ninas-top-mas-usados-para-enero-del-2025\/\"  >\n\t\t\t\t\t\t\t\t\t  <div class=\"yuzo-img-wrap \" style=\"width: 125px;height:90px;\">\n\t\t\t\t\t\t\t\t\t\t\n\t\t\t\t\t\t\t\t\t\t<div class=\"yuzo-img\" style=\"background:url('https:\/\/i0.wp.com\/www.zapateriachis.com\/blog\/wp-content\/uploads\/2024\/06\/Los-nombres-de-angeles-para-ninas-top-mas-usados-para-Enero-del-2025-1.jpg?resize=150%2C150&ssl=1') 50% 50% no-repeat;width: 125px;height:90px;margin-bottom: 5px;background-size: cover; \"><\/div>\n\t\t\t\t\t\t\t\t\t  <\/div>\n\t\t\t\t\t\t\t\t\t  \n\t\t\t\t\t\t\t\t   <span class=\"yuzo__text--title\" style=\"font-size:13px;\">Los nombres de \u00e1ngeles para ni\u00f1as top m\u00e1s usados p...<\/span>\n\t\t\t\t\t\t\t  \n\t\t\t\t\t\t\t  \n\t\t\t\t\t\t\t  <\/a>\n\n\t\t\t\t\t\t  <\/div>\n<\/div> <style>\n\t\t\t\t\t\t\t\t.yuzo_related_post img{width:120px !important; height:110px !important;}\n\t\t\t\t\t\t\t\t.yuzo_related_post .relatedthumb{line-height:15px;background: !important;color:!important;}\n\t\t\t\t\t\t\t\t.yuzo_related_post .relatedthumb:hover{background:#fcfcf4 !important; -webkit-transition: background 0.2s linear; -moz-transition: background 0.2s linear; -o-transition: background 0.2s linear; transition: background 0.2s linear;;color:!important;}\n\t\t\t\t\t\t\t\t.yuzo_related_post .relatedthumb a{color:!important;}\n\t\t\t\t\t\t\t\t.yuzo_related_post .relatedthumb a:hover{ color:}!important;}\n\t\t\t\t\t\t\t\t.yuzo_related_post .relatedthumb:hover a{ color:!important;}\n\t\t\t\t\t\t\t\t.yuzo_related_post .yuzo_text {color:!important;}\n\t\t\t\t\t\t\t\t.yuzo_related_post .relatedthumb:hover .yuzo_text {color:!important;}\n\t\t\t\t\t\t\t\t.yuzo_related_post .relatedthumb{  margin: 0px  0px  0px  0px;   padding: 5px  5px  5px  5px;  }\n\t\t\t\t\t\t\t\t\n\t\t\t\t\t\t\t\t<\/style> <script>\n\t\t\t\t\t\t  jQuery(document).ready(function( $ ){\n\t\t\t\t\t\t\t\/\/jQuery('.yuzo_related_post').equalizer({ overflow : 'relatedthumb' });\n\t\t\t\t\t\t\tjQuery('.yuzo_related_post .yuzo_wraps').equalizer({ columns : '> div' });\n\t\t\t\t\t\t   })\n\t\t\t\t\t\t  <\/script> <!-- End Yuzo :) -->","protected":false},"excerpt":{"rendered":"<p>El amor de una madre es ese tipo de amor que todo lo puede y nunca dejar\u00e1 de luchar por sus hijos. A pesar de tener todo en contra, nunca&hellip; <\/p>\n","protected":false},"author":1,"featured_media":908,"comment_status":"open","ping_status":"open","sticky":false,"template":"","format":"standard","meta":{"jetpack_post_was_ever_published":false,"_jetpack_newsletter_access":"","_jetpack_dont_email_post_to_subs":false,"_jetpack_newsletter_tier_id":0,"_jetpack_memberships_contains_paywalled_content":false,"_jetpack_memberships_contains_paid_content":false,"footnotes":""},"categories":[176,9,7],"tags":[],"yoast_head":"<!-- This site is optimized with the Yoast SEO plugin v22.7 - https:\/\/yoast.com\/wordpress\/plugins\/seo\/ -->\n<title>Madre adopto a un ni\u00f1o con par\u00e1lisis cerebral y cuida de \u00e9l, por m\u00e1s de 42 a\u00f1os - Zapateria Chis<\/title>\n<meta name=\"robots\" content=\"index, follow, max-snippet:-1, max-image-preview:large, max-video-preview:-1\" \/>\n<link rel=\"canonical\" href=\"https:\/\/www.zapateriachis.com\/blog\/madre-adopto-a-un-nino-con-paralisis-cerebral-y-cuida-de-el-por-mas-de-42-anos\/\" \/>\n<meta property=\"og:locale\" content=\"es_ES\" \/>\n<meta property=\"og:type\" content=\"article\" \/>\n<meta property=\"og:title\" content=\"Madre adopto a un ni\u00f1o con par\u00e1lisis cerebral y cuida de \u00e9l, por m\u00e1s de 42 a\u00f1os - Zapateria Chis\" \/>\n<meta property=\"og:description\" content=\"El amor de una madre es ese tipo de amor que todo lo puede y nunca dejar\u00e1 de luchar por sus hijos. A pesar de tener todo en contra, nunca&hellip;\" \/>\n<meta property=\"og:url\" content=\"https:\/\/www.zapateriachis.com\/blog\/madre-adopto-a-un-nino-con-paralisis-cerebral-y-cuida-de-el-por-mas-de-42-anos\/\" \/>\n<meta property=\"og:site_name\" content=\"Zapateria Chis\" \/>\n<meta property=\"article:publisher\" content=\"https:\/\/www.facebook.com\/zapatosbebes\/\" \/>\n<meta property=\"article:published_time\" content=\"2022-04-07T04:45:16+00:00\" \/>\n<meta property=\"article:modified_time\" content=\"2022-04-07T04:45:24+00:00\" \/>\n<meta property=\"og:image\" content=\"https:\/\/i0.wp.com\/www.zapateriachis.com\/blog\/wp-content\/uploads\/2022\/04\/Madre-adopto-a-un-nino-con-paralisis-cerebral-y-cuida-de-el-por-mas-de-40-anos.jpg?fit=880%2C457&ssl=1\" \/>\n\t<meta property=\"og:image:width\" content=\"880\" \/>\n\t<meta property=\"og:image:height\" content=\"457\" \/>\n\t<meta property=\"og:image:type\" content=\"image\/jpeg\" \/>\n<meta name=\"author\" content=\"zapateriachis\" \/>\n<meta name=\"twitter:card\" content=\"summary_large_image\" \/>\n<meta name=\"twitter:creator\" content=\"@calzadobebes\" \/>\n<meta name=\"twitter:site\" content=\"@calzadobebes\" \/>\n<meta name=\"twitter:label1\" content=\"Escrito por\" \/>\n\t<meta name=\"twitter:data1\" content=\"zapateriachis\" \/>\n\t<meta name=\"twitter:label2\" content=\"Tiempo de lectura\" \/>\n\t<meta name=\"twitter:data2\" content=\"4 minutos\" \/>\n<script type=\"application\/ld+json\" class=\"yoast-schema-graph\">{\"@context\":\"https:\/\/schema.org\",\"@graph\":[{\"@type\":\"WebPage\",\"@id\":\"https:\/\/www.zapateriachis.com\/blog\/madre-adopto-a-un-nino-con-paralisis-cerebral-y-cuida-de-el-por-mas-de-42-anos\/\",\"url\":\"https:\/\/www.zapateriachis.com\/blog\/madre-adopto-a-un-nino-con-paralisis-cerebral-y-cuida-de-el-por-mas-de-42-anos\/\",\"name\":\"Madre adopto a un ni\u00f1o con par\u00e1lisis cerebral y cuida de \u00e9l, por m\u00e1s de 42 a\u00f1os - Zapateria Chis\",\"isPartOf\":{\"@id\":\"https:\/\/www.zapateriachis.com\/blog\/#website\"},\"primaryImageOfPage\":{\"@id\":\"https:\/\/www.zapateriachis.com\/blog\/madre-adopto-a-un-nino-con-paralisis-cerebral-y-cuida-de-el-por-mas-de-42-anos\/#primaryimage\"},\"image\":{\"@id\":\"https:\/\/www.zapateriachis.com\/blog\/madre-adopto-a-un-nino-con-paralisis-cerebral-y-cuida-de-el-por-mas-de-42-anos\/#primaryimage\"},\"thumbnailUrl\":\"https:\/\/i0.wp.com\/www.zapateriachis.com\/blog\/wp-content\/uploads\/2022\/04\/Madre-adopto-a-un-nino-con-paralisis-cerebral-y-cuida-de-el-por-mas-de-40-anos.jpg?fit=880%2C457&ssl=1\",\"datePublished\":\"2022-04-07T04:45:16+00:00\",\"dateModified\":\"2022-04-07T04:45:24+00:00\",\"author\":{\"@id\":\"https:\/\/www.zapateriachis.com\/blog\/#\/schema\/person\/61c3f590b83dc3da52b32ad72fe1d054\"},\"breadcrumb\":{\"@id\":\"https:\/\/www.zapateriachis.com\/blog\/madre-adopto-a-un-nino-con-paralisis-cerebral-y-cuida-de-el-por-mas-de-42-anos\/#breadcrumb\"},\"inLanguage\":\"es\",\"potentialAction\":[{\"@type\":\"ReadAction\",\"target\":[\"https:\/\/www.zapateriachis.com\/blog\/madre-adopto-a-un-nino-con-paralisis-cerebral-y-cuida-de-el-por-mas-de-42-anos\/\"]}]},{\"@type\":\"ImageObject\",\"inLanguage\":\"es\",\"@id\":\"https:\/\/www.zapateriachis.com\/blog\/madre-adopto-a-un-nino-con-paralisis-cerebral-y-cuida-de-el-por-mas-de-42-anos\/#primaryimage\",\"url\":\"https:\/\/i0.wp.com\/www.zapateriachis.com\/blog\/wp-content\/uploads\/2022\/04\/Madre-adopto-a-un-nino-con-paralisis-cerebral-y-cuida-de-el-por-mas-de-40-anos.jpg?fit=880%2C457&ssl=1\",\"contentUrl\":\"https:\/\/i0.wp.com\/www.zapateriachis.com\/blog\/wp-content\/uploads\/2022\/04\/Madre-adopto-a-un-nino-con-paralisis-cerebral-y-cuida-de-el-por-mas-de-40-anos.jpg?fit=880%2C457&ssl=1\",\"width\":880,\"height\":457,\"caption\":\"Madre adopto a un ni\u00f1o con par\u00e1lisis cerebral y cuida de \u00e9l por m\u00e1s de 42 a\u00f1os\"},{\"@type\":\"BreadcrumbList\",\"@id\":\"https:\/\/www.zapateriachis.com\/blog\/madre-adopto-a-un-nino-con-paralisis-cerebral-y-cuida-de-el-por-mas-de-42-anos\/#breadcrumb\",\"itemListElement\":[{\"@type\":\"ListItem\",\"position\":1,\"name\":\"Portada\",\"item\":\"https:\/\/www.zapateriachis.com\/blog\/\"},{\"@type\":\"ListItem\",\"position\":2,\"name\":\"Madre adopto a un ni\u00f1o con par\u00e1lisis cerebral y cuida de \u00e9l, por m\u00e1s de 42 a\u00f1os\"}]},{\"@type\":\"WebSite\",\"@id\":\"https:\/\/www.zapateriachis.com\/blog\/#website\",\"url\":\"https:\/\/www.zapateriachis.com\/blog\/\",\"name\":\"Zapateria Chis\",\"description\":\"Calzados para beb\u00e9s\",\"potentialAction\":[{\"@type\":\"SearchAction\",\"target\":{\"@type\":\"EntryPoint\",\"urlTemplate\":\"https:\/\/www.zapateriachis.com\/blog\/?s={search_term_string}\"},\"query-input\":\"required name=search_term_string\"}],\"inLanguage\":\"es\"},{\"@type\":\"Person\",\"@id\":\"https:\/\/www.zapateriachis.com\/blog\/#\/schema\/person\/61c3f590b83dc3da52b32ad72fe1d054\",\"name\":\"zapateriachis\",\"image\":{\"@type\":\"ImageObject\",\"inLanguage\":\"es\",\"@id\":\"https:\/\/www.zapateriachis.com\/blog\/#\/schema\/person\/image\/\",\"url\":\"https:\/\/secure.gravatar.com\/avatar\/148060ab2023b805921979f369e0f38c?s=96&d=mm&r=g\",\"contentUrl\":\"https:\/\/secure.gravatar.com\/avatar\/148060ab2023b805921979f369e0f38c?s=96&d=mm&r=g\",\"caption\":\"zapateriachis\"},\"url\":\"https:\/\/www.zapateriachis.com\/blog\/author\/zapateriachis\/\"}]}<\/script>\n<!-- \/ Yoast SEO plugin. -->","yoast_head_json":{"title":"Madre adopto a un ni\u00f1o con par\u00e1lisis cerebral y cuida de \u00e9l, por m\u00e1s de 42 a\u00f1os - Zapateria Chis","robots":{"index":"index","follow":"follow","max-snippet":"max-snippet:-1","max-image-preview":"max-image-preview:large","max-video-preview":"max-video-preview:-1"},"canonical":"https:\/\/www.zapateriachis.com\/blog\/madre-adopto-a-un-nino-con-paralisis-cerebral-y-cuida-de-el-por-mas-de-42-anos\/","og_locale":"es_ES","og_type":"article","og_title":"Madre adopto a un ni\u00f1o con par\u00e1lisis cerebral y cuida de \u00e9l, por m\u00e1s de 42 a\u00f1os - Zapateria Chis","og_description":"El amor de una madre es ese tipo de amor que todo lo puede y nunca dejar\u00e1 de luchar por sus hijos. A pesar de tener todo en contra, nunca&hellip;","og_url":"https:\/\/www.zapateriachis.com\/blog\/madre-adopto-a-un-nino-con-paralisis-cerebral-y-cuida-de-el-por-mas-de-42-anos\/","og_site_name":"Zapateria Chis","article_publisher":"https:\/\/www.facebook.com\/zapatosbebes\/","article_published_time":"2022-04-07T04:45:16+00:00","article_modified_time":"2022-04-07T04:45:24+00:00","og_image":[{"width":880,"height":457,"url":"https:\/\/i0.wp.com\/www.zapateriachis.com\/blog\/wp-content\/uploads\/2022\/04\/Madre-adopto-a-un-nino-con-paralisis-cerebral-y-cuida-de-el-por-mas-de-40-anos.jpg?fit=880%2C457&ssl=1","type":"image\/jpeg"}],"author":"zapateriachis","twitter_card":"summary_large_image","twitter_creator":"@calzadobebes","twitter_site":"@calzadobebes","twitter_misc":{"Escrito por":"zapateriachis","Tiempo de lectura":"4 minutos"},"schema":{"@context":"https:\/\/schema.org","@graph":[{"@type":"WebPage","@id":"https:\/\/www.zapateriachis.com\/blog\/madre-adopto-a-un-nino-con-paralisis-cerebral-y-cuida-de-el-por-mas-de-42-anos\/","url":"https:\/\/www.zapateriachis.com\/blog\/madre-adopto-a-un-nino-con-paralisis-cerebral-y-cuida-de-el-por-mas-de-42-anos\/","name":"Madre adopto a un ni\u00f1o con par\u00e1lisis cerebral y cuida de \u00e9l, por m\u00e1s de 42 a\u00f1os - Zapateria Chis","isPartOf":{"@id":"https:\/\/www.zapateriachis.com\/blog\/#website"},"primaryImageOfPage":{"@id":"https:\/\/www.zapateriachis.com\/blog\/madre-adopto-a-un-nino-con-paralisis-cerebral-y-cuida-de-el-por-mas-de-42-anos\/#primaryimage"},"image":{"@id":"https:\/\/www.zapateriachis.com\/blog\/madre-adopto-a-un-nino-con-paralisis-cerebral-y-cuida-de-el-por-mas-de-42-anos\/#primaryimage"},"thumbnailUrl":"https:\/\/i0.wp.com\/www.zapateriachis.com\/blog\/wp-content\/uploads\/2022\/04\/Madre-adopto-a-un-nino-con-paralisis-cerebral-y-cuida-de-el-por-mas-de-40-anos.jpg?fit=880%2C457&ssl=1","datePublished":"2022-04-07T04:45:16+00:00","dateModified":"2022-04-07T04:45:24+00:00","author":{"@id":"https:\/\/www.zapateriachis.com\/blog\/#\/schema\/person\/61c3f590b83dc3da52b32ad72fe1d054"},"breadcrumb":{"@id":"https:\/\/www.zapateriachis.com\/blog\/madre-adopto-a-un-nino-con-paralisis-cerebral-y-cuida-de-el-por-mas-de-42-anos\/#breadcrumb"},"inLanguage":"es","potentialAction":[{"@type":"ReadAction","target":["https:\/\/www.zapateriachis.com\/blog\/madre-adopto-a-un-nino-con-paralisis-cerebral-y-cuida-de-el-por-mas-de-42-anos\/"]}]},{"@type":"ImageObject","inLanguage":"es","@id":"https:\/\/www.zapateriachis.com\/blog\/madre-adopto-a-un-nino-con-paralisis-cerebral-y-cuida-de-el-por-mas-de-42-anos\/#primaryimage","url":"https:\/\/i0.wp.com\/www.zapateriachis.com\/blog\/wp-content\/uploads\/2022\/04\/Madre-adopto-a-un-nino-con-paralisis-cerebral-y-cuida-de-el-por-mas-de-40-anos.jpg?fit=880%2C457&ssl=1","contentUrl":"https:\/\/i0.wp.com\/www.zapateriachis.com\/blog\/wp-content\/uploads\/2022\/04\/Madre-adopto-a-un-nino-con-paralisis-cerebral-y-cuida-de-el-por-mas-de-40-anos.jpg?fit=880%2C457&ssl=1","width":880,"height":457,"caption":"Madre adopto a un ni\u00f1o con par\u00e1lisis cerebral y cuida de \u00e9l por m\u00e1s de 42 a\u00f1os"},{"@type":"BreadcrumbList","@id":"https:\/\/www.zapateriachis.com\/blog\/madre-adopto-a-un-nino-con-paralisis-cerebral-y-cuida-de-el-por-mas-de-42-anos\/#breadcrumb","itemListElement":[{"@type":"ListItem","position":1,"name":"Portada","item":"https:\/\/www.zapateriachis.com\/blog\/"},{"@type":"ListItem","position":2,"name":"Madre adopto a un ni\u00f1o con par\u00e1lisis cerebral y cuida de \u00e9l, por m\u00e1s de 42 a\u00f1os"}]},{"@type":"WebSite","@id":"https:\/\/www.zapateriachis.com\/blog\/#website","url":"https:\/\/www.zapateriachis.com\/blog\/","name":"Zapateria Chis","description":"Calzados para beb\u00e9s","potentialAction":[{"@type":"SearchAction","target":{"@type":"EntryPoint","urlTemplate":"https:\/\/www.zapateriachis.com\/blog\/?s={search_term_string}"},"query-input":"required name=search_term_string"}],"inLanguage":"es"},{"@type":"Person","@id":"https:\/\/www.zapateriachis.com\/blog\/#\/schema\/person\/61c3f590b83dc3da52b32ad72fe1d054","name":"zapateriachis","image":{"@type":"ImageObject","inLanguage":"es","@id":"https:\/\/www.zapateriachis.com\/blog\/#\/schema\/person\/image\/","url":"https:\/\/secure.gravatar.com\/avatar\/148060ab2023b805921979f369e0f38c?s=96&d=mm&r=g","contentUrl":"https:\/\/secure.gravatar.com\/avatar\/148060ab2023b805921979f369e0f38c?s=96&d=mm&r=g","caption":"zapateriachis"},"url":"https:\/\/www.zapateriachis.com\/blog\/author\/zapateriachis\/"}]}},"jetpack_featured_media_url":"https:\/\/i0.wp.com\/www.zapateriachis.com\/blog\/wp-content\/uploads\/2022\/04\/Madre-adopto-a-un-nino-con-paralisis-cerebral-y-cuida-de-el-por-mas-de-40-anos.jpg?fit=880%2C457&ssl=1","jetpack_sharing_enabled":true,"jetpack_shortlink":"https:\/\/wp.me\/parlCB-eD","jetpack-related-posts":[],"_links":{"self":[{"href":"https:\/\/www.zapateriachis.com\/blog\/wp-json\/wp\/v2\/posts\/907"}],"collection":[{"href":"https:\/\/www.zapateriachis.com\/blog\/wp-json\/wp\/v2\/posts"}],"about":[{"href":"https:\/\/www.zapateriachis.com\/blog\/wp-json\/wp\/v2\/types\/post"}],"author":[{"embeddable":true,"href":"https:\/\/www.zapateriachis.com\/blog\/wp-json\/wp\/v2\/users\/1"}],"replies":[{"embeddable":true,"href":"https:\/\/www.zapateriachis.com\/blog\/wp-json\/wp\/v2\/comments?post=907"}],"version-history":[{"count":1,"href":"https:\/\/www.zapateriachis.com\/blog\/wp-json\/wp\/v2\/posts\/907\/revisions"}],"predecessor-version":[{"id":913,"href":"https:\/\/www.zapateriachis.com\/blog\/wp-json\/wp\/v2\/posts\/907\/revisions\/913"}],"wp:featuredmedia":[{"embeddable":true,"href":"https:\/\/www.zapateriachis.com\/blog\/wp-json\/wp\/v2\/media\/908"}],"wp:attachment":[{"href":"https:\/\/www.zapateriachis.com\/blog\/wp-json\/wp\/v2\/media?parent=907"}],"wp:term":[{"taxonomy":"category","embeddable":true,"href":"https:\/\/www.zapateriachis.com\/blog\/wp-json\/wp\/v2\/categories?post=907"},{"taxonomy":"post_tag","embeddable":true,"href":"https:\/\/www.zapateriachis.com\/blog\/wp-json\/wp\/v2\/tags?post=907"}],"curies":[{"name":"wp","href":"https:\/\/api.w.org\/{rel}","templated":true}]}}