{"id":783,"date":"2020-04-16T05:35:58","date_gmt":"2020-04-16T05:35:58","guid":{"rendered":"http:\/\/www.zapateriachis.com\/blog\/?p=783"},"modified":"2020-04-16T05:36:02","modified_gmt":"2020-04-16T05:36:02","slug":"nace-primer-bebe-con-coronavirus-en-peru","status":"publish","type":"post","link":"https:\/\/www.zapateriachis.com\/blog\/nace-primer-bebe-con-coronavirus-en-peru\/","title":{"rendered":"Nace primer beb\u00e9 con Coronavirus en Per\u00fa"},"content":{"rendered":"\n<p>En Per\u00fa se anunci\u00f3 que <strong>ha nacido un beb\u00e9 con Coronavirus<\/strong>. La mam\u00e1 fue referida desde el distrito de Nueva Cajamarca, provincia de Rioja hacia el hospital II- 1 Alto Mayo de EsSalud Moyobamba. La madrugada del 15 de abril del 2020 naci\u00f3 este beb\u00e9 por ces\u00e1rea, por donde fue contagiado a trav\u00e9s la placenta. EsSalud informa que est\u00e1 brindando la atenci\u00f3n necesaria a la madre y a su beb\u00e9, quien naci\u00f3 por ces\u00e1rea.<\/p>\n\n\n\n<p><strong>Lo m\u00e1s sorprendente es el anuncio que el beb\u00e9 fue contagiado por la plancenta<\/strong>, la mam\u00e1 no sab\u00eda que estaba contagiada del Covid-19 hasta que fue la hora del parto cuando se les realiz\u00f3 una prueba r\u00e1pida a ambos. Madre e hijo se encuentran aislados y en perfecto estado, pendientes de evoluci\u00f3n.<\/p>\n\n\n\n<p><em>\u00abSe le tom\u00f3 la prueba al reci\u00e9n nacido y sali\u00f3 positivo. La madre ingres\u00f3 al hospital para ser intervenida para una ces\u00e1rea, pero antes ella tambi\u00e9n result\u00f3 positivo a la prueba r\u00e1pida\u00bb <\/em>de COVID-19, coment\u00f3 el m\u00e9dico \u00c1lvaro Bardalez, a Canal N.  <\/p>\n\n\n\n<p><em>\u00abEl Seguro Social de Salud est\u00e1 brindando atenci\u00f3n oportuna al primer beb\u00e9 con COVID-19 en el Per\u00fa, quien fue contagiado por su madre a trav\u00e9s de la placenta\u00bb<\/em>, indic\u00f3 EsSalud en un comunicado.<\/p>\n\n\n\n<p><em>\u00abSe trata del primer caso a nivel nacional y el segundo a nivel mundial de un neonato con COVID-19\u00bb<\/em>, destac\u00f3 \u00c1lvaro Bardalez, sin dar detalles.<br> <strong>\u00abAmbos, la mam\u00e1 y el beb\u00e9, se encuentran en un ambiente aislado y acondicionado para esta circunstancia. Tanto la mam\u00e1 como el ni\u00f1o (est\u00e1n) estables\u00bb<\/strong>, dijo el m\u00e9dico a RPP Noticias.<\/p>\n\n\n\n<p>El beb\u00e9 naci\u00f3 al t\u00e9rmino de 39 semanas de embarazo, pes\u00f3 3,160 kilos y su madre lo est\u00e1 amamantando. A ambos se les realiz\u00f3 la prueba r\u00e1pida de COVID-19, dando positivo. Posteriormente se les har\u00e1n ex\u00e1menes de PCR, indic\u00f3 el m\u00e9dico.<\/p>\n<!-- Begin Yuzo --><div class='yuzo_related_post style-1'  data-version='5.12.82'><!-- without result --><div class='yuzo_clearfixed yuzo__title yuzo__title'><h3>Relacionados<\/h3><\/div>\n\t\t\t\t\t\t  <div class=\"relatedthumb \" style=\"width:125px;float:left;overflow:hidden;\">  \n\t\t\t\t\t\t\t  \n\t\t\t\t\t\t\t  <a  href=\"https:\/\/www.zapateriachis.com\/blog\/hay-alimentos-y-bebidas-para-producir-mas-leche-materna\/\"  >\n\t\t\t\t\t\t\t\t\t  <div class=\"yuzo-img-wrap \" style=\"width: 125px;height:90px;\">\n\t\t\t\t\t\t\t\t\t\t\n\t\t\t\t\t\t\t\t\t\t<div class=\"yuzo-img\" style=\"background:url('https:\/\/i0.wp.com\/www.zapateriachis.com\/blog\/wp-content\/uploads\/2019\/05\/alimentos-y-bebidas-para-producir-m\u00e1s-leche-materna.jpg?resize=150%2C150&ssl=1') 50% 50% no-repeat;width: 125px;height:90px;margin-bottom: 5px;background-size: cover; \"><\/div>\n\t\t\t\t\t\t\t\t\t  <\/div>\n\t\t\t\t\t\t\t\t\t  \n\t\t\t\t\t\t\t\t   <span class=\"yuzo__text--title\" style=\"font-size:13px;\">\u00bfHay alimentos y bebidas para producir m\u00e1s leche m...<\/span>\n\t\t\t\t\t\t\t  \n\t\t\t\t\t\t\t  \n\t\t\t\t\t\t\t  <\/a>\n\n\t\t\t\t\t\t  <\/div>\n\t\t\t\t\t\t  <div class=\"relatedthumb \" style=\"width:125px;float:left;overflow:hidden;\">  \n\t\t\t\t\t\t\t  \n\t\t\t\t\t\t\t  <a  href=\"https:\/\/www.zapateriachis.com\/blog\/10-nombres-romanticos-para-ninas-que-seran-populares\/\"  >\n\t\t\t\t\t\t\t\t\t  <div class=\"yuzo-img-wrap \" style=\"width: 125px;height:90px;\">\n\t\t\t\t\t\t\t\t\t\t\n\t\t\t\t\t\t\t\t\t\t<div class=\"yuzo-img\" style=\"background:url('https:\/\/i0.wp.com\/www.zapateriachis.com\/blog\/wp-content\/uploads\/2024\/06\/10-Nombres-Romanticos-para-Ninas-que-Seran-Populares-1.jpg?resize=150%2C150&ssl=1') 50% 50% no-repeat;width: 125px;height:90px;margin-bottom: 5px;background-size: cover; \"><\/div>\n\t\t\t\t\t\t\t\t\t  <\/div>\n\t\t\t\t\t\t\t\t\t  \n\t\t\t\t\t\t\t\t   <span class=\"yuzo__text--title\" style=\"font-size:13px;\">10 Nombres Rom\u00e1nticos para Ni\u00f1as que Ser\u00e1n Popular...<\/span>\n\t\t\t\t\t\t\t  \n\t\t\t\t\t\t\t  \n\t\t\t\t\t\t\t  <\/a>\n\n\t\t\t\t\t\t  <\/div>\n\t\t\t\t\t\t  <div class=\"relatedthumb \" style=\"width:125px;float:left;overflow:hidden;\">  \n\t\t\t\t\t\t\t  \n\t\t\t\t\t\t\t  <a  href=\"https:\/\/www.zapateriachis.com\/blog\/coronavirus-en-peru-embarazadas-que-hacer-con-las-citas-prenatales-de-control\/\"  >\n\t\t\t\t\t\t\t\t\t  <div class=\"yuzo-img-wrap \" style=\"width: 125px;height:90px;\">\n\t\t\t\t\t\t\t\t\t\t\n\t\t\t\t\t\t\t\t\t\t<div class=\"yuzo-img\" style=\"background:url('https:\/\/i0.wp.com\/www.zapateriachis.com\/blog\/wp-content\/uploads\/2020\/03\/Coronavirus-en-Per\u00fa-Embarazadas-\u00bfQu\u00e9-hacer-con-las-citas-prenatales-de-control.jpg?resize=150%2C150&ssl=1') 50% 50% no-repeat;width: 125px;height:90px;margin-bottom: 5px;background-size: cover; \"><\/div>\n\t\t\t\t\t\t\t\t\t  <\/div>\n\t\t\t\t\t\t\t\t\t  \n\t\t\t\t\t\t\t\t   <span class=\"yuzo__text--title\" style=\"font-size:13px;\">Coronavirus en Per\u00fa: Embarazadas \u00bfQu\u00e9 hacer con la...<\/span>\n\t\t\t\t\t\t\t  \n\t\t\t\t\t\t\t  \n\t\t\t\t\t\t\t  <\/a>\n\n\t\t\t\t\t\t  <\/div>\n\t\t\t\t\t\t  <div class=\"relatedthumb \" style=\"width:125px;float:left;overflow:hidden;\">  \n\t\t\t\t\t\t\t  \n\t\t\t\t\t\t\t  <a  href=\"https:\/\/www.zapateriachis.com\/blog\/bebe-logro-vencer-al-coronavirus-y-es-la-esperanza-mundial\/\"  >\n\t\t\t\t\t\t\t\t\t  <div class=\"yuzo-img-wrap \" style=\"width: 125px;height:90px;\">\n\t\t\t\t\t\t\t\t\t\t\n\t\t\t\t\t\t\t\t\t\t<div class=\"yuzo-img\" style=\"background:url('https:\/\/i0.wp.com\/www.zapateriachis.com\/blog\/wp-content\/uploads\/2020\/04\/Beb\u00e9-logro-vencer-al-coronavirus-y-es-la-esperanza-mundial.jpg?resize=150%2C150&ssl=1') 50% 50% no-repeat;width: 125px;height:90px;margin-bottom: 5px;background-size: cover; \"><\/div>\n\t\t\t\t\t\t\t\t\t  <\/div>\n\t\t\t\t\t\t\t\t\t  \n\t\t\t\t\t\t\t\t   <span class=\"yuzo__text--title\" style=\"font-size:13px;\">Beb\u00e9 logro vencer al coronavirus y es la esperanza...<\/span>\n\t\t\t\t\t\t\t  \n\t\t\t\t\t\t\t  \n\t\t\t\t\t\t\t  <\/a>\n\n\t\t\t\t\t\t  <\/div>\n<\/div> <style>\n\t\t\t\t\t\t\t\t.yuzo_related_post img{width:120px !important; height:110px !important;}\n\t\t\t\t\t\t\t\t.yuzo_related_post .relatedthumb{line-height:15px;background: !important;color:!important;}\n\t\t\t\t\t\t\t\t.yuzo_related_post .relatedthumb:hover{background:#fcfcf4 !important; -webkit-transition: background 0.2s linear; -moz-transition: background 0.2s linear; -o-transition: background 0.2s linear; transition: background 0.2s linear;;color:!important;}\n\t\t\t\t\t\t\t\t.yuzo_related_post .relatedthumb a{color:!important;}\n\t\t\t\t\t\t\t\t.yuzo_related_post .relatedthumb a:hover{ color:}!important;}\n\t\t\t\t\t\t\t\t.yuzo_related_post .relatedthumb:hover a{ color:!important;}\n\t\t\t\t\t\t\t\t.yuzo_related_post .yuzo_text {color:!important;}\n\t\t\t\t\t\t\t\t.yuzo_related_post .relatedthumb:hover .yuzo_text {color:!important;}\n\t\t\t\t\t\t\t\t.yuzo_related_post .relatedthumb{  margin: 0px  0px  0px  0px;   padding: 5px  5px  5px  5px;  }\n\t\t\t\t\t\t\t\t\n\t\t\t\t\t\t\t\t<\/style> <script>\n\t\t\t\t\t\t  jQuery(document).ready(function( $ ){\n\t\t\t\t\t\t\t\/\/jQuery('.yuzo_related_post').equalizer({ overflow : 'relatedthumb' });\n\t\t\t\t\t\t\tjQuery('.yuzo_related_post .yuzo_wraps').equalizer({ columns : '> div' });\n\t\t\t\t\t\t   })\n\t\t\t\t\t\t  <\/script> <!-- End Yuzo :) -->","protected":false},"excerpt":{"rendered":"<p>En Per\u00fa se anunci\u00f3 que ha nacido un beb\u00e9 con Coronavirus. La mam\u00e1 fue referida desde el distrito de Nueva Cajamarca, provincia de Rioja hacia el hospital II- 1 Alto&hellip; <\/p>\n","protected":false},"author":1,"featured_media":784,"comment_status":"open","ping_status":"open","sticky":false,"template":"","format":"standard","meta":{"jetpack_post_was_ever_published":false,"_jetpack_newsletter_access":"","_jetpack_dont_email_post_to_subs":false,"_jetpack_newsletter_tier_id":0,"_jetpack_memberships_contains_paywalled_content":false,"_jetpack_memberships_contains_paid_content":false,"footnotes":""},"categories":[1,7,5,206],"tags":[208,207],"yoast_head":"<!-- This site is optimized with the Yoast SEO plugin v22.7 - https:\/\/yoast.com\/wordpress\/plugins\/seo\/ -->\n<title>Nace primer beb\u00e9 con Coronavirus en Per\u00fa - Zapateria Chis<\/title>\n<meta name=\"robots\" content=\"index, follow, max-snippet:-1, max-image-preview:large, max-video-preview:-1\" \/>\n<link rel=\"canonical\" href=\"https:\/\/www.zapateriachis.com\/blog\/nace-primer-bebe-con-coronavirus-en-peru\/\" \/>\n<meta property=\"og:locale\" content=\"es_ES\" \/>\n<meta property=\"og:type\" content=\"article\" \/>\n<meta property=\"og:title\" content=\"Nace primer beb\u00e9 con Coronavirus en Per\u00fa - Zapateria Chis\" \/>\n<meta property=\"og:description\" content=\"En Per\u00fa se anunci\u00f3 que ha nacido un beb\u00e9 con Coronavirus. La mam\u00e1 fue referida desde el distrito de Nueva Cajamarca, provincia de Rioja hacia el hospital II- 1 Alto&hellip;\" \/>\n<meta property=\"og:url\" content=\"https:\/\/www.zapateriachis.com\/blog\/nace-primer-bebe-con-coronavirus-en-peru\/\" \/>\n<meta property=\"og:site_name\" content=\"Zapateria Chis\" \/>\n<meta property=\"article:publisher\" content=\"https:\/\/www.facebook.com\/zapatosbebes\/\" \/>\n<meta property=\"article:published_time\" content=\"2020-04-16T05:35:58+00:00\" \/>\n<meta property=\"article:modified_time\" content=\"2020-04-16T05:36:02+00:00\" \/>\n<meta property=\"og:image\" content=\"https:\/\/i0.wp.com\/www.zapateriachis.com\/blog\/wp-content\/uploads\/2020\/04\/Nace-primer-beb\u00e9-con-Coronavirus-en-Per\u00fa.jpg?fit=1200%2C725&ssl=1\" \/>\n\t<meta property=\"og:image:width\" content=\"1200\" \/>\n\t<meta property=\"og:image:height\" content=\"725\" \/>\n\t<meta property=\"og:image:type\" content=\"image\/jpeg\" \/>\n<meta name=\"author\" content=\"zapateriachis\" \/>\n<meta name=\"twitter:card\" content=\"summary_large_image\" \/>\n<meta name=\"twitter:creator\" content=\"@calzadobebes\" \/>\n<meta name=\"twitter:site\" content=\"@calzadobebes\" \/>\n<meta name=\"twitter:label1\" content=\"Escrito por\" \/>\n\t<meta name=\"twitter:data1\" content=\"zapateriachis\" \/>\n\t<meta name=\"twitter:label2\" content=\"Tiempo de lectura\" \/>\n\t<meta name=\"twitter:data2\" content=\"2 minutos\" \/>\n<script type=\"application\/ld+json\" class=\"yoast-schema-graph\">{\"@context\":\"https:\/\/schema.org\",\"@graph\":[{\"@type\":\"WebPage\",\"@id\":\"https:\/\/www.zapateriachis.com\/blog\/nace-primer-bebe-con-coronavirus-en-peru\/\",\"url\":\"https:\/\/www.zapateriachis.com\/blog\/nace-primer-bebe-con-coronavirus-en-peru\/\",\"name\":\"Nace primer beb\u00e9 con Coronavirus en Per\u00fa - Zapateria Chis\",\"isPartOf\":{\"@id\":\"https:\/\/www.zapateriachis.com\/blog\/#website\"},\"primaryImageOfPage\":{\"@id\":\"https:\/\/www.zapateriachis.com\/blog\/nace-primer-bebe-con-coronavirus-en-peru\/#primaryimage\"},\"image\":{\"@id\":\"https:\/\/www.zapateriachis.com\/blog\/nace-primer-bebe-con-coronavirus-en-peru\/#primaryimage\"},\"thumbnailUrl\":\"https:\/\/i0.wp.com\/www.zapateriachis.com\/blog\/wp-content\/uploads\/2020\/04\/Nace-primer-beb\u00e9-con-Coronavirus-en-Per\u00fa.jpg?fit=1200%2C725&ssl=1\",\"datePublished\":\"2020-04-16T05:35:58+00:00\",\"dateModified\":\"2020-04-16T05:36:02+00:00\",\"author\":{\"@id\":\"https:\/\/www.zapateriachis.com\/blog\/#\/schema\/person\/61c3f590b83dc3da52b32ad72fe1d054\"},\"breadcrumb\":{\"@id\":\"https:\/\/www.zapateriachis.com\/blog\/nace-primer-bebe-con-coronavirus-en-peru\/#breadcrumb\"},\"inLanguage\":\"es\",\"potentialAction\":[{\"@type\":\"ReadAction\",\"target\":[\"https:\/\/www.zapateriachis.com\/blog\/nace-primer-bebe-con-coronavirus-en-peru\/\"]}]},{\"@type\":\"ImageObject\",\"inLanguage\":\"es\",\"@id\":\"https:\/\/www.zapateriachis.com\/blog\/nace-primer-bebe-con-coronavirus-en-peru\/#primaryimage\",\"url\":\"https:\/\/i0.wp.com\/www.zapateriachis.com\/blog\/wp-content\/uploads\/2020\/04\/Nace-primer-beb\u00e9-con-Coronavirus-en-Per\u00fa.jpg?fit=1200%2C725&ssl=1\",\"contentUrl\":\"https:\/\/i0.wp.com\/www.zapateriachis.com\/blog\/wp-content\/uploads\/2020\/04\/Nace-primer-beb\u00e9-con-Coronavirus-en-Per\u00fa.jpg?fit=1200%2C725&ssl=1\",\"width\":1200,\"height\":725,\"caption\":\"Nace primer beb\u00e9 con Coronavirus en Per\u00fa\"},{\"@type\":\"BreadcrumbList\",\"@id\":\"https:\/\/www.zapateriachis.com\/blog\/nace-primer-bebe-con-coronavirus-en-peru\/#breadcrumb\",\"itemListElement\":[{\"@type\":\"ListItem\",\"position\":1,\"name\":\"Portada\",\"item\":\"https:\/\/www.zapateriachis.com\/blog\/\"},{\"@type\":\"ListItem\",\"position\":2,\"name\":\"Nace primer beb\u00e9 con Coronavirus en Per\u00fa\"}]},{\"@type\":\"WebSite\",\"@id\":\"https:\/\/www.zapateriachis.com\/blog\/#website\",\"url\":\"https:\/\/www.zapateriachis.com\/blog\/\",\"name\":\"Zapateria Chis\",\"description\":\"Calzados para beb\u00e9s\",\"potentialAction\":[{\"@type\":\"SearchAction\",\"target\":{\"@type\":\"EntryPoint\",\"urlTemplate\":\"https:\/\/www.zapateriachis.com\/blog\/?s={search_term_string}\"},\"query-input\":\"required name=search_term_string\"}],\"inLanguage\":\"es\"},{\"@type\":\"Person\",\"@id\":\"https:\/\/www.zapateriachis.com\/blog\/#\/schema\/person\/61c3f590b83dc3da52b32ad72fe1d054\",\"name\":\"zapateriachis\",\"image\":{\"@type\":\"ImageObject\",\"inLanguage\":\"es\",\"@id\":\"https:\/\/www.zapateriachis.com\/blog\/#\/schema\/person\/image\/\",\"url\":\"https:\/\/secure.gravatar.com\/avatar\/148060ab2023b805921979f369e0f38c?s=96&d=mm&r=g\",\"contentUrl\":\"https:\/\/secure.gravatar.com\/avatar\/148060ab2023b805921979f369e0f38c?s=96&d=mm&r=g\",\"caption\":\"zapateriachis\"},\"url\":\"https:\/\/www.zapateriachis.com\/blog\/author\/zapateriachis\/\"}]}<\/script>\n<!-- \/ Yoast SEO plugin. -->","yoast_head_json":{"title":"Nace primer beb\u00e9 con Coronavirus en Per\u00fa - Zapateria Chis","robots":{"index":"index","follow":"follow","max-snippet":"max-snippet:-1","max-image-preview":"max-image-preview:large","max-video-preview":"max-video-preview:-1"},"canonical":"https:\/\/www.zapateriachis.com\/blog\/nace-primer-bebe-con-coronavirus-en-peru\/","og_locale":"es_ES","og_type":"article","og_title":"Nace primer beb\u00e9 con Coronavirus en Per\u00fa - Zapateria Chis","og_description":"En Per\u00fa se anunci\u00f3 que ha nacido un beb\u00e9 con Coronavirus. La mam\u00e1 fue referida desde el distrito de Nueva Cajamarca, provincia de Rioja hacia el hospital II- 1 Alto&hellip;","og_url":"https:\/\/www.zapateriachis.com\/blog\/nace-primer-bebe-con-coronavirus-en-peru\/","og_site_name":"Zapateria Chis","article_publisher":"https:\/\/www.facebook.com\/zapatosbebes\/","article_published_time":"2020-04-16T05:35:58+00:00","article_modified_time":"2020-04-16T05:36:02+00:00","og_image":[{"width":1200,"height":725,"url":"https:\/\/i0.wp.com\/www.zapateriachis.com\/blog\/wp-content\/uploads\/2020\/04\/Nace-primer-beb\u00e9-con-Coronavirus-en-Per\u00fa.jpg?fit=1200%2C725&ssl=1","type":"image\/jpeg"}],"author":"zapateriachis","twitter_card":"summary_large_image","twitter_creator":"@calzadobebes","twitter_site":"@calzadobebes","twitter_misc":{"Escrito por":"zapateriachis","Tiempo de lectura":"2 minutos"},"schema":{"@context":"https:\/\/schema.org","@graph":[{"@type":"WebPage","@id":"https:\/\/www.zapateriachis.com\/blog\/nace-primer-bebe-con-coronavirus-en-peru\/","url":"https:\/\/www.zapateriachis.com\/blog\/nace-primer-bebe-con-coronavirus-en-peru\/","name":"Nace primer beb\u00e9 con Coronavirus en Per\u00fa - Zapateria Chis","isPartOf":{"@id":"https:\/\/www.zapateriachis.com\/blog\/#website"},"primaryImageOfPage":{"@id":"https:\/\/www.zapateriachis.com\/blog\/nace-primer-bebe-con-coronavirus-en-peru\/#primaryimage"},"image":{"@id":"https:\/\/www.zapateriachis.com\/blog\/nace-primer-bebe-con-coronavirus-en-peru\/#primaryimage"},"thumbnailUrl":"https:\/\/i0.wp.com\/www.zapateriachis.com\/blog\/wp-content\/uploads\/2020\/04\/Nace-primer-beb\u00e9-con-Coronavirus-en-Per\u00fa.jpg?fit=1200%2C725&ssl=1","datePublished":"2020-04-16T05:35:58+00:00","dateModified":"2020-04-16T05:36:02+00:00","author":{"@id":"https:\/\/www.zapateriachis.com\/blog\/#\/schema\/person\/61c3f590b83dc3da52b32ad72fe1d054"},"breadcrumb":{"@id":"https:\/\/www.zapateriachis.com\/blog\/nace-primer-bebe-con-coronavirus-en-peru\/#breadcrumb"},"inLanguage":"es","potentialAction":[{"@type":"ReadAction","target":["https:\/\/www.zapateriachis.com\/blog\/nace-primer-bebe-con-coronavirus-en-peru\/"]}]},{"@type":"ImageObject","inLanguage":"es","@id":"https:\/\/www.zapateriachis.com\/blog\/nace-primer-bebe-con-coronavirus-en-peru\/#primaryimage","url":"https:\/\/i0.wp.com\/www.zapateriachis.com\/blog\/wp-content\/uploads\/2020\/04\/Nace-primer-beb\u00e9-con-Coronavirus-en-Per\u00fa.jpg?fit=1200%2C725&ssl=1","contentUrl":"https:\/\/i0.wp.com\/www.zapateriachis.com\/blog\/wp-content\/uploads\/2020\/04\/Nace-primer-beb\u00e9-con-Coronavirus-en-Per\u00fa.jpg?fit=1200%2C725&ssl=1","width":1200,"height":725,"caption":"Nace primer beb\u00e9 con Coronavirus en Per\u00fa"},{"@type":"BreadcrumbList","@id":"https:\/\/www.zapateriachis.com\/blog\/nace-primer-bebe-con-coronavirus-en-peru\/#breadcrumb","itemListElement":[{"@type":"ListItem","position":1,"name":"Portada","item":"https:\/\/www.zapateriachis.com\/blog\/"},{"@type":"ListItem","position":2,"name":"Nace primer beb\u00e9 con Coronavirus en Per\u00fa"}]},{"@type":"WebSite","@id":"https:\/\/www.zapateriachis.com\/blog\/#website","url":"https:\/\/www.zapateriachis.com\/blog\/","name":"Zapateria Chis","description":"Calzados para beb\u00e9s","potentialAction":[{"@type":"SearchAction","target":{"@type":"EntryPoint","urlTemplate":"https:\/\/www.zapateriachis.com\/blog\/?s={search_term_string}"},"query-input":"required name=search_term_string"}],"inLanguage":"es"},{"@type":"Person","@id":"https:\/\/www.zapateriachis.com\/blog\/#\/schema\/person\/61c3f590b83dc3da52b32ad72fe1d054","name":"zapateriachis","image":{"@type":"ImageObject","inLanguage":"es","@id":"https:\/\/www.zapateriachis.com\/blog\/#\/schema\/person\/image\/","url":"https:\/\/secure.gravatar.com\/avatar\/148060ab2023b805921979f369e0f38c?s=96&d=mm&r=g","contentUrl":"https:\/\/secure.gravatar.com\/avatar\/148060ab2023b805921979f369e0f38c?s=96&d=mm&r=g","caption":"zapateriachis"},"url":"https:\/\/www.zapateriachis.com\/blog\/author\/zapateriachis\/"}]}},"jetpack_featured_media_url":"https:\/\/i0.wp.com\/www.zapateriachis.com\/blog\/wp-content\/uploads\/2020\/04\/Nace-primer-beb\u00e9-con-Coronavirus-en-Per\u00fa.jpg?fit=1200%2C725&ssl=1","jetpack_sharing_enabled":true,"jetpack_shortlink":"https:\/\/wp.me\/parlCB-cD","jetpack-related-posts":[],"_links":{"self":[{"href":"https:\/\/www.zapateriachis.com\/blog\/wp-json\/wp\/v2\/posts\/783"}],"collection":[{"href":"https:\/\/www.zapateriachis.com\/blog\/wp-json\/wp\/v2\/posts"}],"about":[{"href":"https:\/\/www.zapateriachis.com\/blog\/wp-json\/wp\/v2\/types\/post"}],"author":[{"embeddable":true,"href":"https:\/\/www.zapateriachis.com\/blog\/wp-json\/wp\/v2\/users\/1"}],"replies":[{"embeddable":true,"href":"https:\/\/www.zapateriachis.com\/blog\/wp-json\/wp\/v2\/comments?post=783"}],"version-history":[{"count":1,"href":"https:\/\/www.zapateriachis.com\/blog\/wp-json\/wp\/v2\/posts\/783\/revisions"}],"predecessor-version":[{"id":785,"href":"https:\/\/www.zapateriachis.com\/blog\/wp-json\/wp\/v2\/posts\/783\/revisions\/785"}],"wp:featuredmedia":[{"embeddable":true,"href":"https:\/\/www.zapateriachis.com\/blog\/wp-json\/wp\/v2\/media\/784"}],"wp:attachment":[{"href":"https:\/\/www.zapateriachis.com\/blog\/wp-json\/wp\/v2\/media?parent=783"}],"wp:term":[{"taxonomy":"category","embeddable":true,"href":"https:\/\/www.zapateriachis.com\/blog\/wp-json\/wp\/v2\/categories?post=783"},{"taxonomy":"post_tag","embeddable":true,"href":"https:\/\/www.zapateriachis.com\/blog\/wp-json\/wp\/v2\/tags?post=783"}],"curies":[{"name":"wp","href":"https:\/\/api.w.org\/{rel}","templated":true}]}}