{"id":272,"date":"2018-12-19T21:21:57","date_gmt":"2018-12-19T21:21:57","guid":{"rendered":"http:\/\/www.zapateriachis.com\/blog\/?p=272"},"modified":"2018-12-19T21:21:57","modified_gmt":"2018-12-19T21:21:57","slug":"navidad-asi-se-celebra-la-nochebuena-en-la-costa-sierra-y-selva-del-peru","status":"publish","type":"post","link":"https:\/\/www.zapateriachis.com\/blog\/navidad-asi-se-celebra-la-nochebuena-en-la-costa-sierra-y-selva-del-peru\/","title":{"rendered":"Navidad: as\u00ed se celebra la Nochebuena en la costa, sierra y selva del Per\u00fa"},"content":{"rendered":"<p style=\"text-align: justify;\">La Navidad llega y en nuestro pa\u00eds tenemos muchas tradiciones que nos caracterizan al celebrar la Nochebuena. \u00bfC\u00f3mo festejan los peruanos en la costa, sierra y selva? Te lo contamos.<\/p>\n<p style=\"text-align: justify;\">La llegada de la Navidad esta cada vez m\u00e1s cerca y como es costumbre, las familias se re\u00fanen para pasar un memorable momento junto a sus seres queridos. En Per\u00fa, la cena navide\u00f1a, el \u00e1rbol de navidad y el nacimiento son las tradiciones m\u00e1s comunes que podemos encontrar, pero en cada regi\u00f3n del pa\u00eds existe una celebraci\u00f3n diferente.<\/p>\n<p style=\"text-align: justify;\">LA NAVIDAD EN LA COSTA<\/p>\n<p>Desde la llegada de los espa\u00f1oles a nuestro pa\u00eds se celebra la Navidad. Esto ha supuesto que las tradiciones navide\u00f1as de la costa peruana vengan marcadas por la influencia europea. Sin embargo, en ciertas zonas de la costa, se celebra la \u00abNavidad Negra\u00bb, muy vista en el departamento de Ica, cuyo origen se remonta a la \u00e9poca colonial de los esclavos.<\/p>\n<p style=\"text-align: justify;\">El principal protagonista de esta peculiar navidad es el \u00abNi\u00f1o Negro\u00bb, el Ni\u00f1o Jes\u00fas, al que se le rinde homenaje con numerosas danzas de origen africano, especialmente el d\u00eda 24. Este d\u00eda tambi\u00e9n se homenajea a la Virgen del Carmen, a la que se saca en procesi\u00f3n y tambi\u00e9n es conocida como \u00abLa Peoncita\u00bb.<\/p>\n<p>Los ni\u00f1os tambi\u00e9n son grandes protagonistas en todas las localidades costeras. As\u00ed, el d\u00eda de Navidad en Chiclayo, capital del departamento de Lambayeque, se organizan desfiles donde los m\u00e1s peque\u00f1os invaden las calles cantando villancicos disfrazados de \u00e1ngeles. Tras estos, tanto locales como visitantes se deleitan con las t\u00edpicas \u00abempanadas de viento\u00bb y despu\u00e9s de la cena se suele tomar un rico chocolate caliente para acabar este d\u00eda tan especial con un sabor dulce.<\/p>\n<p>Mientras que en Lima, las navidades se adaptan m\u00e1s a un formato como en las grandes ciudades. Con un euf\u00f3rico ambiente de compras, la capital se presenta m\u00e1s colorida e iluminada que nunca y cientos de \u00e1rboles de navidad presiden sus calles principales. Los coros de ni\u00f1os y adultos ponen el encantador ritmo de villancico a la ciudad.<\/p>\n<p><img loading=\"lazy\" decoding=\"async\" data-attachment-id=\"273\" data-permalink=\"https:\/\/www.zapateriachis.com\/blog\/navidad-asi-se-celebra-la-nochebuena-en-la-costa-sierra-y-selva-del-peru\/navidad-en-la-costa-peru\/\" data-orig-file=\"https:\/\/i0.wp.com\/www.zapateriachis.com\/blog\/wp-content\/uploads\/2018\/12\/navidad-en-la-costa-peru.jpg?fit=620%2C465&amp;ssl=1\" data-orig-size=\"620,465\" data-comments-opened=\"1\" data-image-meta=\"{&quot;aperture&quot;:&quot;0&quot;,&quot;credit&quot;:&quot;&quot;,&quot;camera&quot;:&quot;&quot;,&quot;caption&quot;:&quot;&quot;,&quot;created_timestamp&quot;:&quot;0&quot;,&quot;copyright&quot;:&quot;&quot;,&quot;focal_length&quot;:&quot;0&quot;,&quot;iso&quot;:&quot;0&quot;,&quot;shutter_speed&quot;:&quot;0&quot;,&quot;title&quot;:&quot;&quot;,&quot;orientation&quot;:&quot;0&quot;}\" data-image-title=\"navidad en la costa peru\" data-image-description=\"\" data-image-caption=\"\" data-medium-file=\"https:\/\/i0.wp.com\/www.zapateriachis.com\/blog\/wp-content\/uploads\/2018\/12\/navidad-en-la-costa-peru.jpg?fit=300%2C225&amp;ssl=1\" data-large-file=\"https:\/\/i0.wp.com\/www.zapateriachis.com\/blog\/wp-content\/uploads\/2018\/12\/navidad-en-la-costa-peru.jpg?fit=620%2C465&amp;ssl=1\" class=\"aligncenter wp-image-273 size-full\" src=\"https:\/\/i0.wp.com\/www.zapateriachis.com\/blog\/wp-content\/uploads\/2018\/12\/navidad-en-la-costa-peru.jpg?resize=620%2C465\" alt=\"navidad en la costa peru\" width=\"620\" height=\"465\" srcset=\"https:\/\/i0.wp.com\/www.zapateriachis.com\/blog\/wp-content\/uploads\/2018\/12\/navidad-en-la-costa-peru.jpg?w=620&amp;ssl=1 620w, https:\/\/i0.wp.com\/www.zapateriachis.com\/blog\/wp-content\/uploads\/2018\/12\/navidad-en-la-costa-peru.jpg?resize=300%2C225&amp;ssl=1 300w\" sizes=\"(max-width: 620px) 100vw, 620px\" data-recalc-dims=\"1\" \/><\/p>\n<p style=\"text-align: justify;\"><strong>LA NAVIDAD EN LA SIERRA<\/strong><\/p>\n<p>La Navidad en la sierra de nuestro pa\u00eds, aguardan la esencia m\u00e1s genuina. El \u00abNi\u00f1o Manuelito\u00bb es el protagonista de estas fechas. Este nombre viene de los cl\u00e9rigos espa\u00f1oles que se refer\u00edan en sus misas a \u00abEmmanuel\u00bb (que significa \u00abDios con nosotros\u00bb).<\/p>\n<p><img loading=\"lazy\" decoding=\"async\" data-attachment-id=\"274\" data-permalink=\"https:\/\/www.zapateriachis.com\/blog\/navidad-asi-se-celebra-la-nochebuena-en-la-costa-sierra-y-selva-del-peru\/navidad-nino-manuelito\/\" data-orig-file=\"https:\/\/i0.wp.com\/www.zapateriachis.com\/blog\/wp-content\/uploads\/2018\/12\/navidad-ni\u00f1o-manuelito.jpg?fit=620%2C465&amp;ssl=1\" data-orig-size=\"620,465\" data-comments-opened=\"1\" data-image-meta=\"{&quot;aperture&quot;:&quot;0&quot;,&quot;credit&quot;:&quot;&quot;,&quot;camera&quot;:&quot;&quot;,&quot;caption&quot;:&quot;&quot;,&quot;created_timestamp&quot;:&quot;0&quot;,&quot;copyright&quot;:&quot;&quot;,&quot;focal_length&quot;:&quot;0&quot;,&quot;iso&quot;:&quot;0&quot;,&quot;shutter_speed&quot;:&quot;0&quot;,&quot;title&quot;:&quot;&quot;,&quot;orientation&quot;:&quot;0&quot;}\" data-image-title=\"navidad ni\u00f1o manuelito\" data-image-description=\"\" data-image-caption=\"\" data-medium-file=\"https:\/\/i0.wp.com\/www.zapateriachis.com\/blog\/wp-content\/uploads\/2018\/12\/navidad-ni\u00f1o-manuelito.jpg?fit=300%2C225&amp;ssl=1\" data-large-file=\"https:\/\/i0.wp.com\/www.zapateriachis.com\/blog\/wp-content\/uploads\/2018\/12\/navidad-ni\u00f1o-manuelito.jpg?fit=620%2C465&amp;ssl=1\" class=\"aligncenter wp-image-274 size-full\" src=\"https:\/\/i0.wp.com\/www.zapateriachis.com\/blog\/wp-content\/uploads\/2018\/12\/navidad-ni\u00f1o-manuelito.jpg?resize=620%2C465\" alt=\"navidad ni\u00f1o manuelito\" width=\"620\" height=\"465\" srcset=\"https:\/\/i0.wp.com\/www.zapateriachis.com\/blog\/wp-content\/uploads\/2018\/12\/navidad-ni\u00f1o-manuelito.jpg?w=620&amp;ssl=1 620w, https:\/\/i0.wp.com\/www.zapateriachis.com\/blog\/wp-content\/uploads\/2018\/12\/navidad-ni\u00f1o-manuelito.jpg?resize=300%2C225&amp;ssl=1 300w\" sizes=\"(max-width: 620px) 100vw, 620px\" data-recalc-dims=\"1\" \/><\/p>\n<p style=\"text-align: justify;\">Adem\u00e1s, las mujeres y la artesan\u00eda son grandes iconos de la navidad andina. As\u00ed, son frecuentes los mercados de artesanos locales como los de Ayacucho, donde tambi\u00e9n se realizan coloridos desfiles con personajes enmascarados. Muchas de las localidades de toda la zona de la sierra celebran el nacimiento de una manera muy aut\u00e9ntica vincul\u00e1ndolo a las tradiciones locales, celebrando as\u00ed unas navidades de un car\u00e1cter m\u00e1s rural.<\/p>\n<p>En la ciudad de Cusco, la m\u00e1s grande de la sierra, la emblem\u00e1tica Plaza de Armas se convierte en el gran punto de encuentro navide\u00f1o. El d\u00eda 24 de diciembre se organiza una gran feria protagonizada por artesanos, campesinos y pastores de la regi\u00f3n que se congregan para vender sus mejores productos del a\u00f1o. Los m\u00faltiples puestos sorprenden al comprador navide\u00f1o con artesan\u00edas en madera, metal, tela, etc., y, especialmente, con las figuritas representativas del nacimiento, sobre todo las del \u00abNi\u00f1o Manuelito\u00bb o \u00abNi\u00f1o del Espino\u00bb.<\/p>\n<p style=\"text-align: justify;\"><strong>LA NAVIDAD EN LA SELVA<\/strong><\/p>\n<p>La selva peruana siempre ha sido una inmensa caja de sorpresas por descubrir, y tambi\u00e9n lo es en Navidad. Aqu\u00ed, las celebraciones toman un aspecto m\u00e1s ex\u00f3tico decorando los nacimientos con hojas de pl\u00e1tano y otras frutas de la regi\u00f3n.<\/p>\n<p>Tanto en la adoraci\u00f3n al Ni\u00f1o Jes\u00fas como en general, los ni\u00f1os tienen un marcado protagonismo en esta zona de Per\u00fa. Algunas de las tradiciones m\u00e1s curiosas son los llamados \u00abPastorcitos\u00bb; agrupaciones de ni\u00f1os disfrazados que van recorriendo las casas para visitar los nacimientos particulares y donde les van regalando bolsas de dulces y chicha morada. Cuando finaliza el recorrido de evaluaci\u00f3n, los Pastorcitos eligen el nacimiento ganador junto con una comisi\u00f3n local de adultos y les entregan su premio correspondiente.<\/p>\n<p style=\"text-align: justify;\">Otra costumbre similar en esta zona son las \u00abPastoreadas Navide\u00f1as\u00bb. Se trata de grupos de vecinos disfrazados de personajes b\u00edblicos que fingen seguir a la estrella de Bel\u00e9n que les llevar\u00e1 hasta el Ni\u00f1o Jes\u00fas. Todo este desfile transcurre animado por tambores, silbatos, y c\u00e1nticos de tradici\u00f3n selv\u00e1tica.<\/p>\n<p><img loading=\"lazy\" decoding=\"async\" data-attachment-id=\"275\" data-permalink=\"https:\/\/www.zapateriachis.com\/blog\/navidad-asi-se-celebra-la-nochebuena-en-la-costa-sierra-y-selva-del-peru\/navidad-selva-peru\/\" data-orig-file=\"https:\/\/i0.wp.com\/www.zapateriachis.com\/blog\/wp-content\/uploads\/2018\/12\/navidad-selva-peru.jpg?fit=620%2C465&amp;ssl=1\" data-orig-size=\"620,465\" data-comments-opened=\"1\" data-image-meta=\"{&quot;aperture&quot;:&quot;0&quot;,&quot;credit&quot;:&quot;&quot;,&quot;camera&quot;:&quot;&quot;,&quot;caption&quot;:&quot;&quot;,&quot;created_timestamp&quot;:&quot;0&quot;,&quot;copyright&quot;:&quot;&quot;,&quot;focal_length&quot;:&quot;0&quot;,&quot;iso&quot;:&quot;0&quot;,&quot;shutter_speed&quot;:&quot;0&quot;,&quot;title&quot;:&quot;&quot;,&quot;orientation&quot;:&quot;0&quot;}\" data-image-title=\"navidad selva peru\" data-image-description=\"\" data-image-caption=\"\" data-medium-file=\"https:\/\/i0.wp.com\/www.zapateriachis.com\/blog\/wp-content\/uploads\/2018\/12\/navidad-selva-peru.jpg?fit=300%2C225&amp;ssl=1\" data-large-file=\"https:\/\/i0.wp.com\/www.zapateriachis.com\/blog\/wp-content\/uploads\/2018\/12\/navidad-selva-peru.jpg?fit=620%2C465&amp;ssl=1\" class=\"aligncenter wp-image-275 size-full\" src=\"https:\/\/i0.wp.com\/www.zapateriachis.com\/blog\/wp-content\/uploads\/2018\/12\/navidad-selva-peru.jpg?resize=620%2C465\" alt=\"navidad selva peru\" width=\"620\" height=\"465\" srcset=\"https:\/\/i0.wp.com\/www.zapateriachis.com\/blog\/wp-content\/uploads\/2018\/12\/navidad-selva-peru.jpg?w=620&amp;ssl=1 620w, https:\/\/i0.wp.com\/www.zapateriachis.com\/blog\/wp-content\/uploads\/2018\/12\/navidad-selva-peru.jpg?resize=300%2C225&amp;ssl=1 300w\" sizes=\"(max-width: 620px) 100vw, 620px\" data-recalc-dims=\"1\" \/><\/p>\n<!-- Begin Yuzo --><div class='yuzo_related_post style-1'  data-version='5.12.82'><!-- without result --><div class='yuzo_clearfixed yuzo__title yuzo__title'><h3>Relacionados<\/h3><\/div>\n\t\t\t\t\t\t  <div class=\"relatedthumb \" style=\"width:125px;float:left;overflow:hidden;\">  \n\t\t\t\t\t\t\t  \n\t\t\t\t\t\t\t  <a  href=\"https:\/\/www.zapateriachis.com\/blog\/padre-tiene-una-hermosa-conversacion-con-su-bebe\/\"  >\n\t\t\t\t\t\t\t\t\t  <div class=\"yuzo-img-wrap \" style=\"width: 125px;height:90px;\">\n\t\t\t\t\t\t\t\t\t\t\n\t\t\t\t\t\t\t\t\t\t<div class=\"yuzo-img\" style=\"background:url('https:\/\/i0.wp.com\/www.zapateriachis.com\/blog\/wp-content\/uploads\/2022\/04\/Padre-tiene-una-hermosa-conversacion-con-su-bebe-hija.jpg?resize=150%2C150&ssl=1') 50% 50% no-repeat;width: 125px;height:90px;margin-bottom: 5px;background-size: cover; \"><\/div>\n\t\t\t\t\t\t\t\t\t  <\/div>\n\t\t\t\t\t\t\t\t\t  \n\t\t\t\t\t\t\t\t   <span class=\"yuzo__text--title\" style=\"font-size:13px;\">Padre tiene una hermosa conversaci\u00f3n con su beb\u00e9<\/span>\n\t\t\t\t\t\t\t  \n\t\t\t\t\t\t\t  \n\t\t\t\t\t\t\t  <\/a>\n\n\t\t\t\t\t\t  <\/div>\n\t\t\t\t\t\t  <div class=\"relatedthumb \" style=\"width:125px;float:left;overflow:hidden;\">  \n\t\t\t\t\t\t\t  \n\t\t\t\t\t\t\t  <a  href=\"https:\/\/www.zapateriachis.com\/blog\/por-que-decoramos-con-renos-en-navidad\/\"  >\n\t\t\t\t\t\t\t\t\t  <div class=\"yuzo-img-wrap \" style=\"width: 125px;height:90px;\">\n\t\t\t\t\t\t\t\t\t\t\n\t\t\t\t\t\t\t\t\t\t<div class=\"yuzo-img\" style=\"background:url('https:\/\/i0.wp.com\/www.zapateriachis.com\/blog\/wp-content\/uploads\/2018\/11\/renos-en-Navidad.jpg?resize=150%2C150&ssl=1') 50% 50% no-repeat;width: 125px;height:90px;margin-bottom: 5px;background-size: cover; \"><\/div>\n\t\t\t\t\t\t\t\t\t  <\/div>\n\t\t\t\t\t\t\t\t\t  \n\t\t\t\t\t\t\t\t   <span class=\"yuzo__text--title\" style=\"font-size:13px;\">\u00bfPor qu\u00e9 decoramos con renos en Navidad?<\/span>\n\t\t\t\t\t\t\t  \n\t\t\t\t\t\t\t  \n\t\t\t\t\t\t\t  <\/a>\n\n\t\t\t\t\t\t  <\/div>\n\t\t\t\t\t\t  <div class=\"relatedthumb \" style=\"width:125px;float:left;overflow:hidden;\">  \n\t\t\t\t\t\t\t  \n\t\t\t\t\t\t\t  <a  href=\"https:\/\/www.zapateriachis.com\/blog\/que-disfrutan-los-bebes-cuando-estan-en-el-vientre-de-mama\/\"  >\n\t\t\t\t\t\t\t\t\t  <div class=\"yuzo-img-wrap \" style=\"width: 125px;height:90px;\">\n\t\t\t\t\t\t\t\t\t\t\n\t\t\t\t\t\t\t\t\t\t<div class=\"yuzo-img\" style=\"background:url('https:\/\/i0.wp.com\/www.zapateriachis.com\/blog\/wp-content\/uploads\/2020\/03\/Qu\u00e9-disfrutan-los-beb\u00e9s-cuando-est\u00e1n-en-el-vientre-de-mam\u00e1.jpg?resize=150%2C150&ssl=1') 50% 50% no-repeat;width: 125px;height:90px;margin-bottom: 5px;background-size: cover; \"><\/div>\n\t\t\t\t\t\t\t\t\t  <\/div>\n\t\t\t\t\t\t\t\t\t  \n\t\t\t\t\t\t\t\t   <span class=\"yuzo__text--title\" style=\"font-size:13px;\">\u00bfQu\u00e9 disfrutan los beb\u00e9s cuando est\u00e1n en el vientr...<\/span>\n\t\t\t\t\t\t\t  \n\t\t\t\t\t\t\t  \n\t\t\t\t\t\t\t  <\/a>\n\n\t\t\t\t\t\t  <\/div>\n\t\t\t\t\t\t  <div class=\"relatedthumb \" style=\"width:125px;float:left;overflow:hidden;\">  \n\t\t\t\t\t\t\t  \n\t\t\t\t\t\t\t  <a  href=\"https:\/\/www.zapateriachis.com\/blog\/los-nombres-de-angeles-para-ninas-top-mas-usados-para-marzo-del-2025\/\"  >\n\t\t\t\t\t\t\t\t\t  <div class=\"yuzo-img-wrap \" style=\"width: 125px;height:90px;\">\n\t\t\t\t\t\t\t\t\t\t\n\t\t\t\t\t\t\t\t\t\t<div class=\"yuzo-img\" style=\"background:url('https:\/\/i0.wp.com\/www.zapateriachis.com\/blog\/wp-content\/uploads\/2024\/06\/Los-nombres-de-angeles-para-ninas-top-mas-usados-para-Marzo-del-2025-1.jpg?resize=150%2C150&ssl=1') 50% 50% no-repeat;width: 125px;height:90px;margin-bottom: 5px;background-size: cover; \"><\/div>\n\t\t\t\t\t\t\t\t\t  <\/div>\n\t\t\t\t\t\t\t\t\t  \n\t\t\t\t\t\t\t\t   <span class=\"yuzo__text--title\" style=\"font-size:13px;\">Los nombres de \u00e1ngeles para ni\u00f1as top m\u00e1s usados p...<\/span>\n\t\t\t\t\t\t\t  \n\t\t\t\t\t\t\t  \n\t\t\t\t\t\t\t  <\/a>\n\n\t\t\t\t\t\t  <\/div>\n<\/div> <style>\n\t\t\t\t\t\t\t\t.yuzo_related_post img{width:120px !important; height:110px !important;}\n\t\t\t\t\t\t\t\t.yuzo_related_post .relatedthumb{line-height:15px;background: !important;color:!important;}\n\t\t\t\t\t\t\t\t.yuzo_related_post .relatedthumb:hover{background:#fcfcf4 !important; -webkit-transition: background 0.2s linear; -moz-transition: background 0.2s linear; -o-transition: background 0.2s linear; transition: background 0.2s linear;;color:!important;}\n\t\t\t\t\t\t\t\t.yuzo_related_post .relatedthumb a{color:!important;}\n\t\t\t\t\t\t\t\t.yuzo_related_post .relatedthumb a:hover{ color:}!important;}\n\t\t\t\t\t\t\t\t.yuzo_related_post .relatedthumb:hover a{ color:!important;}\n\t\t\t\t\t\t\t\t.yuzo_related_post .yuzo_text {color:!important;}\n\t\t\t\t\t\t\t\t.yuzo_related_post .relatedthumb:hover .yuzo_text {color:!important;}\n\t\t\t\t\t\t\t\t.yuzo_related_post .relatedthumb{  margin: 0px  0px  0px  0px;   padding: 5px  5px  5px  5px;  }\n\t\t\t\t\t\t\t\t\n\t\t\t\t\t\t\t\t<\/style> <script>\n\t\t\t\t\t\t  jQuery(document).ready(function( $ ){\n\t\t\t\t\t\t\t\/\/jQuery('.yuzo_related_post').equalizer({ overflow : 'relatedthumb' });\n\t\t\t\t\t\t\tjQuery('.yuzo_related_post .yuzo_wraps').equalizer({ columns : '> div' });\n\t\t\t\t\t\t   })\n\t\t\t\t\t\t  <\/script> <!-- End Yuzo :) -->","protected":false},"excerpt":{"rendered":"<p>La Navidad llega y en nuestro pa\u00eds tenemos muchas tradiciones que nos caracterizan al celebrar la Nochebuena. \u00bfC\u00f3mo festejan los peruanos en la costa, sierra y selva? Te lo contamos.&hellip; <\/p>\n","protected":false},"author":1,"featured_media":276,"comment_status":"open","ping_status":"open","sticky":false,"template":"","format":"standard","meta":{"jetpack_post_was_ever_published":false,"_jetpack_newsletter_access":"","_jetpack_dont_email_post_to_subs":false,"_jetpack_newsletter_tier_id":0,"_jetpack_memberships_contains_paywalled_content":false,"_jetpack_memberships_contains_paid_content":false,"footnotes":""},"categories":[7,5,34],"tags":[19],"yoast_head":"<!-- This site is optimized with the Yoast SEO plugin v22.7 - https:\/\/yoast.com\/wordpress\/plugins\/seo\/ -->\n<title>Navidad: as\u00ed se celebra la Nochebuena en la costa, sierra y selva del Per\u00fa - Zapateria Chis<\/title>\n<meta name=\"robots\" content=\"index, follow, max-snippet:-1, max-image-preview:large, max-video-preview:-1\" \/>\n<link rel=\"canonical\" href=\"https:\/\/www.zapateriachis.com\/blog\/navidad-asi-se-celebra-la-nochebuena-en-la-costa-sierra-y-selva-del-peru\/\" \/>\n<meta property=\"og:locale\" content=\"es_ES\" \/>\n<meta property=\"og:type\" content=\"article\" \/>\n<meta property=\"og:title\" content=\"Navidad: as\u00ed se celebra la Nochebuena en la costa, sierra y selva del Per\u00fa - Zapateria Chis\" \/>\n<meta property=\"og:description\" content=\"La Navidad llega y en nuestro pa\u00eds tenemos muchas tradiciones que nos caracterizan al celebrar la Nochebuena. \u00bfC\u00f3mo festejan los peruanos en la costa, sierra y selva? Te lo contamos.&hellip;\" \/>\n<meta property=\"og:url\" content=\"https:\/\/www.zapateriachis.com\/blog\/navidad-asi-se-celebra-la-nochebuena-en-la-costa-sierra-y-selva-del-peru\/\" \/>\n<meta property=\"og:site_name\" content=\"Zapateria Chis\" \/>\n<meta property=\"article:publisher\" content=\"https:\/\/www.facebook.com\/zapatosbebes\/\" \/>\n<meta property=\"article:published_time\" content=\"2018-12-19T21:21:57+00:00\" \/>\n<meta property=\"og:image\" content=\"https:\/\/i0.wp.com\/www.zapateriachis.com\/blog\/wp-content\/uploads\/2018\/12\/navidad-sierra-selva-costa-peru.jpg?fit=1200%2C900&ssl=1\" \/>\n\t<meta property=\"og:image:width\" content=\"1200\" \/>\n\t<meta property=\"og:image:height\" content=\"900\" \/>\n\t<meta property=\"og:image:type\" content=\"image\/jpeg\" \/>\n<meta name=\"author\" content=\"zapateriachis\" \/>\n<meta name=\"twitter:card\" content=\"summary_large_image\" \/>\n<meta name=\"twitter:creator\" content=\"@calzadobebes\" \/>\n<meta name=\"twitter:site\" content=\"@calzadobebes\" \/>\n<meta name=\"twitter:label1\" content=\"Escrito por\" \/>\n\t<meta name=\"twitter:data1\" content=\"zapateriachis\" \/>\n\t<meta name=\"twitter:label2\" content=\"Tiempo de lectura\" \/>\n\t<meta name=\"twitter:data2\" content=\"4 minutos\" \/>\n<script type=\"application\/ld+json\" class=\"yoast-schema-graph\">{\"@context\":\"https:\/\/schema.org\",\"@graph\":[{\"@type\":\"WebPage\",\"@id\":\"https:\/\/www.zapateriachis.com\/blog\/navidad-asi-se-celebra-la-nochebuena-en-la-costa-sierra-y-selva-del-peru\/\",\"url\":\"https:\/\/www.zapateriachis.com\/blog\/navidad-asi-se-celebra-la-nochebuena-en-la-costa-sierra-y-selva-del-peru\/\",\"name\":\"Navidad: as\u00ed se celebra la Nochebuena en la costa, sierra y selva del Per\u00fa - Zapateria Chis\",\"isPartOf\":{\"@id\":\"https:\/\/www.zapateriachis.com\/blog\/#website\"},\"primaryImageOfPage\":{\"@id\":\"https:\/\/www.zapateriachis.com\/blog\/navidad-asi-se-celebra-la-nochebuena-en-la-costa-sierra-y-selva-del-peru\/#primaryimage\"},\"image\":{\"@id\":\"https:\/\/www.zapateriachis.com\/blog\/navidad-asi-se-celebra-la-nochebuena-en-la-costa-sierra-y-selva-del-peru\/#primaryimage\"},\"thumbnailUrl\":\"https:\/\/i0.wp.com\/www.zapateriachis.com\/blog\/wp-content\/uploads\/2018\/12\/navidad-sierra-selva-costa-peru.jpg?fit=1200%2C900&ssl=1\",\"datePublished\":\"2018-12-19T21:21:57+00:00\",\"dateModified\":\"2018-12-19T21:21:57+00:00\",\"author\":{\"@id\":\"https:\/\/www.zapateriachis.com\/blog\/#\/schema\/person\/61c3f590b83dc3da52b32ad72fe1d054\"},\"breadcrumb\":{\"@id\":\"https:\/\/www.zapateriachis.com\/blog\/navidad-asi-se-celebra-la-nochebuena-en-la-costa-sierra-y-selva-del-peru\/#breadcrumb\"},\"inLanguage\":\"es\",\"potentialAction\":[{\"@type\":\"ReadAction\",\"target\":[\"https:\/\/www.zapateriachis.com\/blog\/navidad-asi-se-celebra-la-nochebuena-en-la-costa-sierra-y-selva-del-peru\/\"]}]},{\"@type\":\"ImageObject\",\"inLanguage\":\"es\",\"@id\":\"https:\/\/www.zapateriachis.com\/blog\/navidad-asi-se-celebra-la-nochebuena-en-la-costa-sierra-y-selva-del-peru\/#primaryimage\",\"url\":\"https:\/\/i0.wp.com\/www.zapateriachis.com\/blog\/wp-content\/uploads\/2018\/12\/navidad-sierra-selva-costa-peru.jpg?fit=1200%2C900&ssl=1\",\"contentUrl\":\"https:\/\/i0.wp.com\/www.zapateriachis.com\/blog\/wp-content\/uploads\/2018\/12\/navidad-sierra-selva-costa-peru.jpg?fit=1200%2C900&ssl=1\",\"width\":1200,\"height\":900},{\"@type\":\"BreadcrumbList\",\"@id\":\"https:\/\/www.zapateriachis.com\/blog\/navidad-asi-se-celebra-la-nochebuena-en-la-costa-sierra-y-selva-del-peru\/#breadcrumb\",\"itemListElement\":[{\"@type\":\"ListItem\",\"position\":1,\"name\":\"Portada\",\"item\":\"https:\/\/www.zapateriachis.com\/blog\/\"},{\"@type\":\"ListItem\",\"position\":2,\"name\":\"Navidad: as\u00ed se celebra la Nochebuena en la costa, sierra y selva del Per\u00fa\"}]},{\"@type\":\"WebSite\",\"@id\":\"https:\/\/www.zapateriachis.com\/blog\/#website\",\"url\":\"https:\/\/www.zapateriachis.com\/blog\/\",\"name\":\"Zapateria Chis\",\"description\":\"Calzados para beb\u00e9s\",\"potentialAction\":[{\"@type\":\"SearchAction\",\"target\":{\"@type\":\"EntryPoint\",\"urlTemplate\":\"https:\/\/www.zapateriachis.com\/blog\/?s={search_term_string}\"},\"query-input\":\"required name=search_term_string\"}],\"inLanguage\":\"es\"},{\"@type\":\"Person\",\"@id\":\"https:\/\/www.zapateriachis.com\/blog\/#\/schema\/person\/61c3f590b83dc3da52b32ad72fe1d054\",\"name\":\"zapateriachis\",\"image\":{\"@type\":\"ImageObject\",\"inLanguage\":\"es\",\"@id\":\"https:\/\/www.zapateriachis.com\/blog\/#\/schema\/person\/image\/\",\"url\":\"https:\/\/secure.gravatar.com\/avatar\/148060ab2023b805921979f369e0f38c?s=96&d=mm&r=g\",\"contentUrl\":\"https:\/\/secure.gravatar.com\/avatar\/148060ab2023b805921979f369e0f38c?s=96&d=mm&r=g\",\"caption\":\"zapateriachis\"},\"url\":\"https:\/\/www.zapateriachis.com\/blog\/author\/zapateriachis\/\"}]}<\/script>\n<!-- \/ Yoast SEO plugin. -->","yoast_head_json":{"title":"Navidad: as\u00ed se celebra la Nochebuena en la costa, sierra y selva del Per\u00fa - Zapateria Chis","robots":{"index":"index","follow":"follow","max-snippet":"max-snippet:-1","max-image-preview":"max-image-preview:large","max-video-preview":"max-video-preview:-1"},"canonical":"https:\/\/www.zapateriachis.com\/blog\/navidad-asi-se-celebra-la-nochebuena-en-la-costa-sierra-y-selva-del-peru\/","og_locale":"es_ES","og_type":"article","og_title":"Navidad: as\u00ed se celebra la Nochebuena en la costa, sierra y selva del Per\u00fa - Zapateria Chis","og_description":"La Navidad llega y en nuestro pa\u00eds tenemos muchas tradiciones que nos caracterizan al celebrar la Nochebuena. \u00bfC\u00f3mo festejan los peruanos en la costa, sierra y selva? Te lo contamos.&hellip;","og_url":"https:\/\/www.zapateriachis.com\/blog\/navidad-asi-se-celebra-la-nochebuena-en-la-costa-sierra-y-selva-del-peru\/","og_site_name":"Zapateria Chis","article_publisher":"https:\/\/www.facebook.com\/zapatosbebes\/","article_published_time":"2018-12-19T21:21:57+00:00","og_image":[{"width":1200,"height":900,"url":"https:\/\/i0.wp.com\/www.zapateriachis.com\/blog\/wp-content\/uploads\/2018\/12\/navidad-sierra-selva-costa-peru.jpg?fit=1200%2C900&ssl=1","type":"image\/jpeg"}],"author":"zapateriachis","twitter_card":"summary_large_image","twitter_creator":"@calzadobebes","twitter_site":"@calzadobebes","twitter_misc":{"Escrito por":"zapateriachis","Tiempo de lectura":"4 minutos"},"schema":{"@context":"https:\/\/schema.org","@graph":[{"@type":"WebPage","@id":"https:\/\/www.zapateriachis.com\/blog\/navidad-asi-se-celebra-la-nochebuena-en-la-costa-sierra-y-selva-del-peru\/","url":"https:\/\/www.zapateriachis.com\/blog\/navidad-asi-se-celebra-la-nochebuena-en-la-costa-sierra-y-selva-del-peru\/","name":"Navidad: as\u00ed se celebra la Nochebuena en la costa, sierra y selva del Per\u00fa - Zapateria Chis","isPartOf":{"@id":"https:\/\/www.zapateriachis.com\/blog\/#website"},"primaryImageOfPage":{"@id":"https:\/\/www.zapateriachis.com\/blog\/navidad-asi-se-celebra-la-nochebuena-en-la-costa-sierra-y-selva-del-peru\/#primaryimage"},"image":{"@id":"https:\/\/www.zapateriachis.com\/blog\/navidad-asi-se-celebra-la-nochebuena-en-la-costa-sierra-y-selva-del-peru\/#primaryimage"},"thumbnailUrl":"https:\/\/i0.wp.com\/www.zapateriachis.com\/blog\/wp-content\/uploads\/2018\/12\/navidad-sierra-selva-costa-peru.jpg?fit=1200%2C900&ssl=1","datePublished":"2018-12-19T21:21:57+00:00","dateModified":"2018-12-19T21:21:57+00:00","author":{"@id":"https:\/\/www.zapateriachis.com\/blog\/#\/schema\/person\/61c3f590b83dc3da52b32ad72fe1d054"},"breadcrumb":{"@id":"https:\/\/www.zapateriachis.com\/blog\/navidad-asi-se-celebra-la-nochebuena-en-la-costa-sierra-y-selva-del-peru\/#breadcrumb"},"inLanguage":"es","potentialAction":[{"@type":"ReadAction","target":["https:\/\/www.zapateriachis.com\/blog\/navidad-asi-se-celebra-la-nochebuena-en-la-costa-sierra-y-selva-del-peru\/"]}]},{"@type":"ImageObject","inLanguage":"es","@id":"https:\/\/www.zapateriachis.com\/blog\/navidad-asi-se-celebra-la-nochebuena-en-la-costa-sierra-y-selva-del-peru\/#primaryimage","url":"https:\/\/i0.wp.com\/www.zapateriachis.com\/blog\/wp-content\/uploads\/2018\/12\/navidad-sierra-selva-costa-peru.jpg?fit=1200%2C900&ssl=1","contentUrl":"https:\/\/i0.wp.com\/www.zapateriachis.com\/blog\/wp-content\/uploads\/2018\/12\/navidad-sierra-selva-costa-peru.jpg?fit=1200%2C900&ssl=1","width":1200,"height":900},{"@type":"BreadcrumbList","@id":"https:\/\/www.zapateriachis.com\/blog\/navidad-asi-se-celebra-la-nochebuena-en-la-costa-sierra-y-selva-del-peru\/#breadcrumb","itemListElement":[{"@type":"ListItem","position":1,"name":"Portada","item":"https:\/\/www.zapateriachis.com\/blog\/"},{"@type":"ListItem","position":2,"name":"Navidad: as\u00ed se celebra la Nochebuena en la costa, sierra y selva del Per\u00fa"}]},{"@type":"WebSite","@id":"https:\/\/www.zapateriachis.com\/blog\/#website","url":"https:\/\/www.zapateriachis.com\/blog\/","name":"Zapateria Chis","description":"Calzados para beb\u00e9s","potentialAction":[{"@type":"SearchAction","target":{"@type":"EntryPoint","urlTemplate":"https:\/\/www.zapateriachis.com\/blog\/?s={search_term_string}"},"query-input":"required name=search_term_string"}],"inLanguage":"es"},{"@type":"Person","@id":"https:\/\/www.zapateriachis.com\/blog\/#\/schema\/person\/61c3f590b83dc3da52b32ad72fe1d054","name":"zapateriachis","image":{"@type":"ImageObject","inLanguage":"es","@id":"https:\/\/www.zapateriachis.com\/blog\/#\/schema\/person\/image\/","url":"https:\/\/secure.gravatar.com\/avatar\/148060ab2023b805921979f369e0f38c?s=96&d=mm&r=g","contentUrl":"https:\/\/secure.gravatar.com\/avatar\/148060ab2023b805921979f369e0f38c?s=96&d=mm&r=g","caption":"zapateriachis"},"url":"https:\/\/www.zapateriachis.com\/blog\/author\/zapateriachis\/"}]}},"jetpack_featured_media_url":"https:\/\/i0.wp.com\/www.zapateriachis.com\/blog\/wp-content\/uploads\/2018\/12\/navidad-sierra-selva-costa-peru.jpg?fit=1200%2C900&ssl=1","jetpack_sharing_enabled":true,"jetpack_shortlink":"https:\/\/wp.me\/parlCB-4o","jetpack-related-posts":[],"_links":{"self":[{"href":"https:\/\/www.zapateriachis.com\/blog\/wp-json\/wp\/v2\/posts\/272"}],"collection":[{"href":"https:\/\/www.zapateriachis.com\/blog\/wp-json\/wp\/v2\/posts"}],"about":[{"href":"https:\/\/www.zapateriachis.com\/blog\/wp-json\/wp\/v2\/types\/post"}],"author":[{"embeddable":true,"href":"https:\/\/www.zapateriachis.com\/blog\/wp-json\/wp\/v2\/users\/1"}],"replies":[{"embeddable":true,"href":"https:\/\/www.zapateriachis.com\/blog\/wp-json\/wp\/v2\/comments?post=272"}],"version-history":[{"count":1,"href":"https:\/\/www.zapateriachis.com\/blog\/wp-json\/wp\/v2\/posts\/272\/revisions"}],"predecessor-version":[{"id":277,"href":"https:\/\/www.zapateriachis.com\/blog\/wp-json\/wp\/v2\/posts\/272\/revisions\/277"}],"wp:featuredmedia":[{"embeddable":true,"href":"https:\/\/www.zapateriachis.com\/blog\/wp-json\/wp\/v2\/media\/276"}],"wp:attachment":[{"href":"https:\/\/www.zapateriachis.com\/blog\/wp-json\/wp\/v2\/media?parent=272"}],"wp:term":[{"taxonomy":"category","embeddable":true,"href":"https:\/\/www.zapateriachis.com\/blog\/wp-json\/wp\/v2\/categories?post=272"},{"taxonomy":"post_tag","embeddable":true,"href":"https:\/\/www.zapateriachis.com\/blog\/wp-json\/wp\/v2\/tags?post=272"}],"curies":[{"name":"wp","href":"https:\/\/api.w.org\/{rel}","templated":true}]}}