{"id":25,"date":"2018-11-11T15:03:48","date_gmt":"2018-11-11T15:03:48","guid":{"rendered":"http:\/\/www.zapateriachis.com\/blog\/?p=25"},"modified":"2018-11-11T15:03:48","modified_gmt":"2018-11-11T15:03:48","slug":"problemas-mas-frecuentes-del-bebe","status":"publish","type":"post","link":"https:\/\/www.zapateriachis.com\/blog\/problemas-mas-frecuentes-del-bebe\/","title":{"rendered":"Problemas m\u00e1s frecuentes del beb\u00e9"},"content":{"rendered":"<p style=\"text-align: justify;\">Es muy frecuente que sobre todo en padres primerizos, no se sepa c\u00f3mo reaccionar ni qu\u00e9 hacer ante situaciones de riesgo o peligro.<\/p>\n<p style=\"text-align: justify;\">El llamado \u00abperiodo neonatal\u00bb es el que va a comprende los primeros 28 d\u00edas de vida del beb\u00e9, y seg\u00fan la Organizaci\u00f3n Mundial de la Salud, es la etapa m\u00e1s delicada y vulnerable. Es interesante que durante este periodo busques el consejo de profesionales que se encargar\u00e1n de resolver tus dudas y preguntas.<\/p>\n<p style=\"text-align: justify;\">Los principales \u00abproblemas\u00bb o dificultades con los que te vas a encontrar van a ser:<\/p>\n<p style=\"text-align: justify;\">&#8211; Fiebre: Esto se da cuando el beb\u00e9 est\u00e1 a una temperatura superior a 38 grados, en estos casos es aconsejable ir a pediatr\u00eda para tenerlo en observaci\u00f3n.<br \/>\n&#8211; Hongos en la boca: Se pueden detectar en el momento en el que aparecen manchas o placas blancas (muguet) que se encuentren en el interior de la boca, y en algunos casos recubriendo la lengua. En este caso es necesario consultar un servicio pedriatrico, para que puedan tratarlo de la mejor manera posible.<br \/>\n&#8211; V\u00f3mitos y deposiciones: Es bastante normal, que los beb\u00e9s echen un poco de leche despu\u00e9s de las tomas. No obstante si el propio beb\u00e9 vomita con mucha fuerza, y a la vez echa bastante cantidad, es recomendable consultar con un especialista. En cuanto a las deposiciones, tanto el ritmo como la consistencia es algo que var\u00eda, si las heces son tan duras como bolitas, es muy posible que el beb\u00e9 este estre\u00f1ido, con lo cual habr\u00eda que consultar al especialista.<br \/>\n&#8211; Irritaciones y escoceduras: Es necesario cuidar de la piel que est\u00e1 cubierta con el pa\u00f1al, ya que muchas veces se van a producir irritaciones que suelen estar producidas por la humedad o por la orina.<br \/>\n&#8211; Obstruccion nasal: En el caso de que la mucosidad obstruya la propia nariz, una soluci\u00f3n para que el beb\u00e9 respire mejor es limpiar con suero fisiol\u00f3gico y por otro lado aspirar la mucosidad con una pera de goma.<\/p>\n<!-- Begin Yuzo --><div class='yuzo_related_post style-1'  data-version='5.12.82'><!-- without result --><div class='yuzo_clearfixed yuzo__title yuzo__title'><h3>Relacionados<\/h3><\/div>\n\t\t\t\t\t\t  <div class=\"relatedthumb \" style=\"width:125px;float:left;overflow:hidden;\">  \n\t\t\t\t\t\t\t  \n\t\t\t\t\t\t\t  <a  href=\"https:\/\/www.zapateriachis.com\/blog\/calzados-para-bebes-en-trujillo\/\"  >\n\t\t\t\t\t\t\t\t\t  <div class=\"yuzo-img-wrap \" style=\"width: 125px;height:90px;\">\n\t\t\t\t\t\t\t\t\t\t\n\t\t\t\t\t\t\t\t\t\t<div class=\"yuzo-img\" style=\"background:url('https:\/\/i0.wp.com\/www.zapateriachis.com\/blog\/wp-content\/uploads\/2019\/01\/1176D-AZUL.jpg?resize=150%2C150&ssl=1') 50% 50% no-repeat;width: 125px;height:90px;margin-bottom: 5px;background-size: cover; \"><\/div>\n\t\t\t\t\t\t\t\t\t  <\/div>\n\t\t\t\t\t\t\t\t\t  \n\t\t\t\t\t\t\t\t   <span class=\"yuzo__text--title\" style=\"font-size:13px;\">Calzados para beb\u00e9s en Trujillo<\/span>\n\t\t\t\t\t\t\t  \n\t\t\t\t\t\t\t  \n\t\t\t\t\t\t\t  <\/a>\n\n\t\t\t\t\t\t  <\/div>\n\t\t\t\t\t\t  <div class=\"relatedthumb \" style=\"width:125px;float:left;overflow:hidden;\">  \n\t\t\t\t\t\t\t  \n\t\t\t\t\t\t\t  <a  href=\"https:\/\/www.zapateriachis.com\/blog\/si-tu-bebe-no-duerme-por-la-noche-no-te-preocupes\/\"  >\n\t\t\t\t\t\t\t\t\t  <div class=\"yuzo-img-wrap \" style=\"width: 125px;height:90px;\">\n\t\t\t\t\t\t\t\t\t\t\n\t\t\t\t\t\t\t\t\t\t<div class=\"yuzo-img\" style=\"background:url('https:\/\/i0.wp.com\/www.zapateriachis.com\/blog\/wp-content\/uploads\/2018\/11\/beb\u00e9-no-duerme-por-la-noche.jpg?resize=150%2C150&ssl=1') 50% 50% no-repeat;width: 125px;height:90px;margin-bottom: 5px;background-size: cover; \"><\/div>\n\t\t\t\t\t\t\t\t\t  <\/div>\n\t\t\t\t\t\t\t\t\t  \n\t\t\t\t\t\t\t\t   <span class=\"yuzo__text--title\" style=\"font-size:13px;\">Si tu beb\u00e9 no duerme por la noche\u2026 \u00a1No te pr...<\/span>\n\t\t\t\t\t\t\t  \n\t\t\t\t\t\t\t  \n\t\t\t\t\t\t\t  <\/a>\n\n\t\t\t\t\t\t  <\/div>\n\t\t\t\t\t\t  <div class=\"relatedthumb \" style=\"width:125px;float:left;overflow:hidden;\">  \n\t\t\t\t\t\t\t  \n\t\t\t\t\t\t\t  <a  href=\"https:\/\/www.zapateriachis.com\/blog\/mujer-embarazada-de-trillizos-y-su-esposo-bailan-juntos-para-inducir-el-parto\/\"  >\n\t\t\t\t\t\t\t\t\t  <div class=\"yuzo-img-wrap \" style=\"width: 125px;height:90px;\">\n\t\t\t\t\t\t\t\t\t\t\n\t\t\t\t\t\t\t\t\t\t<div class=\"yuzo-img\" style=\"background:url('https:\/\/i0.wp.com\/www.zapateriachis.com\/blog\/wp-content\/uploads\/2022\/04\/Mujer-embarazada-de-trillizos-y-su-esposo-bailan-juntos-para-inducir-el-parto.jpg?resize=150%2C150&ssl=1') 50% 50% no-repeat;width: 125px;height:90px;margin-bottom: 5px;background-size: cover; \"><\/div>\n\t\t\t\t\t\t\t\t\t  <\/div>\n\t\t\t\t\t\t\t\t\t  \n\t\t\t\t\t\t\t\t   <span class=\"yuzo__text--title\" style=\"font-size:13px;\">Mujer embarazada de trillizos y su esposo bailan j...<\/span>\n\t\t\t\t\t\t\t  \n\t\t\t\t\t\t\t  \n\t\t\t\t\t\t\t  <\/a>\n\n\t\t\t\t\t\t  <\/div>\n\t\t\t\t\t\t  <div class=\"relatedthumb \" style=\"width:125px;float:left;overflow:hidden;\">  \n\t\t\t\t\t\t\t  \n\t\t\t\t\t\t\t  <a  href=\"https:\/\/www.zapateriachis.com\/blog\/cuantas-veces-te-has-preguntado-por-que-se-engorda-en-el-embarazo-tanto\/\"  >\n\t\t\t\t\t\t\t\t\t  <div class=\"yuzo-img-wrap \" style=\"width: 125px;height:90px;\">\n\t\t\t\t\t\t\t\t\t\t\n\t\t\t\t\t\t\t\t\t\t<div class=\"yuzo-img\" style=\"background:url('https:\/\/i0.wp.com\/www.zapateriachis.com\/blog\/wp-content\/uploads\/2019\/08\/se-engorda-en-el-embarazo.jpg?resize=150%2C150&ssl=1') 50% 50% no-repeat;width: 125px;height:90px;margin-bottom: 5px;background-size: cover; \"><\/div>\n\t\t\t\t\t\t\t\t\t  <\/div>\n\t\t\t\t\t\t\t\t\t  \n\t\t\t\t\t\t\t\t   <span class=\"yuzo__text--title\" style=\"font-size:13px;\">\u00bfCu\u00e1ntas veces te has preguntado por qu\u00e9 se engord...<\/span>\n\t\t\t\t\t\t\t  \n\t\t\t\t\t\t\t  \n\t\t\t\t\t\t\t  <\/a>\n\n\t\t\t\t\t\t  <\/div>\n<\/div> <style>\n\t\t\t\t\t\t\t\t.yuzo_related_post img{width:120px !important; height:110px !important;}\n\t\t\t\t\t\t\t\t.yuzo_related_post .relatedthumb{line-height:15px;background: !important;color:!important;}\n\t\t\t\t\t\t\t\t.yuzo_related_post .relatedthumb:hover{background:#fcfcf4 !important; -webkit-transition: background 0.2s linear; -moz-transition: background 0.2s linear; -o-transition: background 0.2s linear; transition: background 0.2s linear;;color:!important;}\n\t\t\t\t\t\t\t\t.yuzo_related_post .relatedthumb a{color:!important;}\n\t\t\t\t\t\t\t\t.yuzo_related_post .relatedthumb a:hover{ color:}!important;}\n\t\t\t\t\t\t\t\t.yuzo_related_post .relatedthumb:hover a{ color:!important;}\n\t\t\t\t\t\t\t\t.yuzo_related_post .yuzo_text {color:!important;}\n\t\t\t\t\t\t\t\t.yuzo_related_post .relatedthumb:hover .yuzo_text {color:!important;}\n\t\t\t\t\t\t\t\t.yuzo_related_post .relatedthumb{  margin: 0px  0px  0px  0px;   padding: 5px  5px  5px  5px;  }\n\t\t\t\t\t\t\t\t\n\t\t\t\t\t\t\t\t<\/style> <script>\n\t\t\t\t\t\t  jQuery(document).ready(function( $ ){\n\t\t\t\t\t\t\t\/\/jQuery('.yuzo_related_post').equalizer({ overflow : 'relatedthumb' });\n\t\t\t\t\t\t\tjQuery('.yuzo_related_post .yuzo_wraps').equalizer({ columns : '> div' });\n\t\t\t\t\t\t   })\n\t\t\t\t\t\t  <\/script> <!-- End Yuzo :) -->","protected":false},"excerpt":{"rendered":"<p>Es muy frecuente que sobre todo en padres primerizos, no se sepa c\u00f3mo reaccionar ni qu\u00e9 hacer ante situaciones de riesgo o peligro. El llamado \u00abperiodo neonatal\u00bb es el que&hellip; <\/p>\n","protected":false},"author":1,"featured_media":26,"comment_status":"open","ping_status":"open","sticky":false,"template":"","format":"standard","meta":{"jetpack_post_was_ever_published":false,"_jetpack_newsletter_access":"","_jetpack_dont_email_post_to_subs":false,"_jetpack_newsletter_tier_id":0,"_jetpack_memberships_contains_paywalled_content":false,"_jetpack_memberships_contains_paid_content":false,"footnotes":""},"categories":[1,6,9],"tags":[12,11],"yoast_head":"<!-- This site is optimized with the Yoast SEO plugin v22.7 - https:\/\/yoast.com\/wordpress\/plugins\/seo\/ -->\n<title>Problemas m\u00e1s frecuentes del beb\u00e9 - Zapateria Chis<\/title>\n<meta name=\"robots\" content=\"index, follow, max-snippet:-1, max-image-preview:large, max-video-preview:-1\" \/>\n<link rel=\"canonical\" href=\"https:\/\/www.zapateriachis.com\/blog\/problemas-mas-frecuentes-del-bebe\/\" \/>\n<meta property=\"og:locale\" content=\"es_ES\" \/>\n<meta property=\"og:type\" content=\"article\" \/>\n<meta property=\"og:title\" content=\"Problemas m\u00e1s frecuentes del beb\u00e9 - Zapateria Chis\" \/>\n<meta property=\"og:description\" content=\"Es muy frecuente que sobre todo en padres primerizos, no se sepa c\u00f3mo reaccionar ni qu\u00e9 hacer ante situaciones de riesgo o peligro. El llamado \u00abperiodo neonatal\u00bb es el que&hellip;\" \/>\n<meta property=\"og:url\" content=\"https:\/\/www.zapateriachis.com\/blog\/problemas-mas-frecuentes-del-bebe\/\" \/>\n<meta property=\"og:site_name\" content=\"Zapateria Chis\" \/>\n<meta property=\"article:publisher\" content=\"https:\/\/www.facebook.com\/zapatosbebes\/\" \/>\n<meta property=\"article:published_time\" content=\"2018-11-11T15:03:48+00:00\" \/>\n<meta property=\"og:image\" content=\"https:\/\/i0.wp.com\/www.zapateriachis.com\/blog\/wp-content\/uploads\/2018\/11\/Problemas-m\u00e1s-frecuentes-del-beb\u00e9.jpg?fit=1200%2C900&ssl=1\" \/>\n\t<meta property=\"og:image:width\" content=\"1200\" \/>\n\t<meta property=\"og:image:height\" content=\"900\" \/>\n\t<meta property=\"og:image:type\" content=\"image\/jpeg\" \/>\n<meta name=\"author\" content=\"zapateriachis\" \/>\n<meta name=\"twitter:card\" content=\"summary_large_image\" \/>\n<meta name=\"twitter:creator\" content=\"@calzadobebes\" \/>\n<meta name=\"twitter:site\" content=\"@calzadobebes\" \/>\n<meta name=\"twitter:label1\" content=\"Escrito por\" \/>\n\t<meta name=\"twitter:data1\" content=\"zapateriachis\" \/>\n\t<meta name=\"twitter:label2\" content=\"Tiempo de lectura\" \/>\n\t<meta name=\"twitter:data2\" content=\"2 minutos\" \/>\n<script type=\"application\/ld+json\" class=\"yoast-schema-graph\">{\"@context\":\"https:\/\/schema.org\",\"@graph\":[{\"@type\":\"WebPage\",\"@id\":\"https:\/\/www.zapateriachis.com\/blog\/problemas-mas-frecuentes-del-bebe\/\",\"url\":\"https:\/\/www.zapateriachis.com\/blog\/problemas-mas-frecuentes-del-bebe\/\",\"name\":\"Problemas m\u00e1s frecuentes del beb\u00e9 - Zapateria Chis\",\"isPartOf\":{\"@id\":\"https:\/\/www.zapateriachis.com\/blog\/#website\"},\"primaryImageOfPage\":{\"@id\":\"https:\/\/www.zapateriachis.com\/blog\/problemas-mas-frecuentes-del-bebe\/#primaryimage\"},\"image\":{\"@id\":\"https:\/\/www.zapateriachis.com\/blog\/problemas-mas-frecuentes-del-bebe\/#primaryimage\"},\"thumbnailUrl\":\"https:\/\/i0.wp.com\/www.zapateriachis.com\/blog\/wp-content\/uploads\/2018\/11\/Problemas-m\u00e1s-frecuentes-del-beb\u00e9.jpg?fit=1200%2C900&ssl=1\",\"datePublished\":\"2018-11-11T15:03:48+00:00\",\"dateModified\":\"2018-11-11T15:03:48+00:00\",\"author\":{\"@id\":\"https:\/\/www.zapateriachis.com\/blog\/#\/schema\/person\/61c3f590b83dc3da52b32ad72fe1d054\"},\"breadcrumb\":{\"@id\":\"https:\/\/www.zapateriachis.com\/blog\/problemas-mas-frecuentes-del-bebe\/#breadcrumb\"},\"inLanguage\":\"es\",\"potentialAction\":[{\"@type\":\"ReadAction\",\"target\":[\"https:\/\/www.zapateriachis.com\/blog\/problemas-mas-frecuentes-del-bebe\/\"]}]},{\"@type\":\"ImageObject\",\"inLanguage\":\"es\",\"@id\":\"https:\/\/www.zapateriachis.com\/blog\/problemas-mas-frecuentes-del-bebe\/#primaryimage\",\"url\":\"https:\/\/i0.wp.com\/www.zapateriachis.com\/blog\/wp-content\/uploads\/2018\/11\/Problemas-m\u00e1s-frecuentes-del-beb\u00e9.jpg?fit=1200%2C900&ssl=1\",\"contentUrl\":\"https:\/\/i0.wp.com\/www.zapateriachis.com\/blog\/wp-content\/uploads\/2018\/11\/Problemas-m\u00e1s-frecuentes-del-beb\u00e9.jpg?fit=1200%2C900&ssl=1\",\"width\":1200,\"height\":900,\"caption\":\"Problemas m\u00e1s frecuentes del beb\u00e9\"},{\"@type\":\"BreadcrumbList\",\"@id\":\"https:\/\/www.zapateriachis.com\/blog\/problemas-mas-frecuentes-del-bebe\/#breadcrumb\",\"itemListElement\":[{\"@type\":\"ListItem\",\"position\":1,\"name\":\"Portada\",\"item\":\"https:\/\/www.zapateriachis.com\/blog\/\"},{\"@type\":\"ListItem\",\"position\":2,\"name\":\"Problemas m\u00e1s frecuentes del beb\u00e9\"}]},{\"@type\":\"WebSite\",\"@id\":\"https:\/\/www.zapateriachis.com\/blog\/#website\",\"url\":\"https:\/\/www.zapateriachis.com\/blog\/\",\"name\":\"Zapateria Chis\",\"description\":\"Calzados para beb\u00e9s\",\"potentialAction\":[{\"@type\":\"SearchAction\",\"target\":{\"@type\":\"EntryPoint\",\"urlTemplate\":\"https:\/\/www.zapateriachis.com\/blog\/?s={search_term_string}\"},\"query-input\":\"required name=search_term_string\"}],\"inLanguage\":\"es\"},{\"@type\":\"Person\",\"@id\":\"https:\/\/www.zapateriachis.com\/blog\/#\/schema\/person\/61c3f590b83dc3da52b32ad72fe1d054\",\"name\":\"zapateriachis\",\"image\":{\"@type\":\"ImageObject\",\"inLanguage\":\"es\",\"@id\":\"https:\/\/www.zapateriachis.com\/blog\/#\/schema\/person\/image\/\",\"url\":\"https:\/\/secure.gravatar.com\/avatar\/148060ab2023b805921979f369e0f38c?s=96&d=mm&r=g\",\"contentUrl\":\"https:\/\/secure.gravatar.com\/avatar\/148060ab2023b805921979f369e0f38c?s=96&d=mm&r=g\",\"caption\":\"zapateriachis\"},\"url\":\"https:\/\/www.zapateriachis.com\/blog\/author\/zapateriachis\/\"}]}<\/script>\n<!-- \/ Yoast SEO plugin. -->","yoast_head_json":{"title":"Problemas m\u00e1s frecuentes del beb\u00e9 - Zapateria Chis","robots":{"index":"index","follow":"follow","max-snippet":"max-snippet:-1","max-image-preview":"max-image-preview:large","max-video-preview":"max-video-preview:-1"},"canonical":"https:\/\/www.zapateriachis.com\/blog\/problemas-mas-frecuentes-del-bebe\/","og_locale":"es_ES","og_type":"article","og_title":"Problemas m\u00e1s frecuentes del beb\u00e9 - Zapateria Chis","og_description":"Es muy frecuente que sobre todo en padres primerizos, no se sepa c\u00f3mo reaccionar ni qu\u00e9 hacer ante situaciones de riesgo o peligro. El llamado \u00abperiodo neonatal\u00bb es el que&hellip;","og_url":"https:\/\/www.zapateriachis.com\/blog\/problemas-mas-frecuentes-del-bebe\/","og_site_name":"Zapateria Chis","article_publisher":"https:\/\/www.facebook.com\/zapatosbebes\/","article_published_time":"2018-11-11T15:03:48+00:00","og_image":[{"width":1200,"height":900,"url":"https:\/\/i0.wp.com\/www.zapateriachis.com\/blog\/wp-content\/uploads\/2018\/11\/Problemas-m\u00e1s-frecuentes-del-beb\u00e9.jpg?fit=1200%2C900&ssl=1","type":"image\/jpeg"}],"author":"zapateriachis","twitter_card":"summary_large_image","twitter_creator":"@calzadobebes","twitter_site":"@calzadobebes","twitter_misc":{"Escrito por":"zapateriachis","Tiempo de lectura":"2 minutos"},"schema":{"@context":"https:\/\/schema.org","@graph":[{"@type":"WebPage","@id":"https:\/\/www.zapateriachis.com\/blog\/problemas-mas-frecuentes-del-bebe\/","url":"https:\/\/www.zapateriachis.com\/blog\/problemas-mas-frecuentes-del-bebe\/","name":"Problemas m\u00e1s frecuentes del beb\u00e9 - Zapateria Chis","isPartOf":{"@id":"https:\/\/www.zapateriachis.com\/blog\/#website"},"primaryImageOfPage":{"@id":"https:\/\/www.zapateriachis.com\/blog\/problemas-mas-frecuentes-del-bebe\/#primaryimage"},"image":{"@id":"https:\/\/www.zapateriachis.com\/blog\/problemas-mas-frecuentes-del-bebe\/#primaryimage"},"thumbnailUrl":"https:\/\/i0.wp.com\/www.zapateriachis.com\/blog\/wp-content\/uploads\/2018\/11\/Problemas-m\u00e1s-frecuentes-del-beb\u00e9.jpg?fit=1200%2C900&ssl=1","datePublished":"2018-11-11T15:03:48+00:00","dateModified":"2018-11-11T15:03:48+00:00","author":{"@id":"https:\/\/www.zapateriachis.com\/blog\/#\/schema\/person\/61c3f590b83dc3da52b32ad72fe1d054"},"breadcrumb":{"@id":"https:\/\/www.zapateriachis.com\/blog\/problemas-mas-frecuentes-del-bebe\/#breadcrumb"},"inLanguage":"es","potentialAction":[{"@type":"ReadAction","target":["https:\/\/www.zapateriachis.com\/blog\/problemas-mas-frecuentes-del-bebe\/"]}]},{"@type":"ImageObject","inLanguage":"es","@id":"https:\/\/www.zapateriachis.com\/blog\/problemas-mas-frecuentes-del-bebe\/#primaryimage","url":"https:\/\/i0.wp.com\/www.zapateriachis.com\/blog\/wp-content\/uploads\/2018\/11\/Problemas-m\u00e1s-frecuentes-del-beb\u00e9.jpg?fit=1200%2C900&ssl=1","contentUrl":"https:\/\/i0.wp.com\/www.zapateriachis.com\/blog\/wp-content\/uploads\/2018\/11\/Problemas-m\u00e1s-frecuentes-del-beb\u00e9.jpg?fit=1200%2C900&ssl=1","width":1200,"height":900,"caption":"Problemas m\u00e1s frecuentes del beb\u00e9"},{"@type":"BreadcrumbList","@id":"https:\/\/www.zapateriachis.com\/blog\/problemas-mas-frecuentes-del-bebe\/#breadcrumb","itemListElement":[{"@type":"ListItem","position":1,"name":"Portada","item":"https:\/\/www.zapateriachis.com\/blog\/"},{"@type":"ListItem","position":2,"name":"Problemas m\u00e1s frecuentes del beb\u00e9"}]},{"@type":"WebSite","@id":"https:\/\/www.zapateriachis.com\/blog\/#website","url":"https:\/\/www.zapateriachis.com\/blog\/","name":"Zapateria Chis","description":"Calzados para beb\u00e9s","potentialAction":[{"@type":"SearchAction","target":{"@type":"EntryPoint","urlTemplate":"https:\/\/www.zapateriachis.com\/blog\/?s={search_term_string}"},"query-input":"required name=search_term_string"}],"inLanguage":"es"},{"@type":"Person","@id":"https:\/\/www.zapateriachis.com\/blog\/#\/schema\/person\/61c3f590b83dc3da52b32ad72fe1d054","name":"zapateriachis","image":{"@type":"ImageObject","inLanguage":"es","@id":"https:\/\/www.zapateriachis.com\/blog\/#\/schema\/person\/image\/","url":"https:\/\/secure.gravatar.com\/avatar\/148060ab2023b805921979f369e0f38c?s=96&d=mm&r=g","contentUrl":"https:\/\/secure.gravatar.com\/avatar\/148060ab2023b805921979f369e0f38c?s=96&d=mm&r=g","caption":"zapateriachis"},"url":"https:\/\/www.zapateriachis.com\/blog\/author\/zapateriachis\/"}]}},"jetpack_featured_media_url":"https:\/\/i0.wp.com\/www.zapateriachis.com\/blog\/wp-content\/uploads\/2018\/11\/Problemas-m\u00e1s-frecuentes-del-beb\u00e9.jpg?fit=1200%2C900&ssl=1","jetpack_sharing_enabled":true,"jetpack_shortlink":"https:\/\/wp.me\/parlCB-p","jetpack-related-posts":[],"_links":{"self":[{"href":"https:\/\/www.zapateriachis.com\/blog\/wp-json\/wp\/v2\/posts\/25"}],"collection":[{"href":"https:\/\/www.zapateriachis.com\/blog\/wp-json\/wp\/v2\/posts"}],"about":[{"href":"https:\/\/www.zapateriachis.com\/blog\/wp-json\/wp\/v2\/types\/post"}],"author":[{"embeddable":true,"href":"https:\/\/www.zapateriachis.com\/blog\/wp-json\/wp\/v2\/users\/1"}],"replies":[{"embeddable":true,"href":"https:\/\/www.zapateriachis.com\/blog\/wp-json\/wp\/v2\/comments?post=25"}],"version-history":[{"count":1,"href":"https:\/\/www.zapateriachis.com\/blog\/wp-json\/wp\/v2\/posts\/25\/revisions"}],"predecessor-version":[{"id":27,"href":"https:\/\/www.zapateriachis.com\/blog\/wp-json\/wp\/v2\/posts\/25\/revisions\/27"}],"wp:featuredmedia":[{"embeddable":true,"href":"https:\/\/www.zapateriachis.com\/blog\/wp-json\/wp\/v2\/media\/26"}],"wp:attachment":[{"href":"https:\/\/www.zapateriachis.com\/blog\/wp-json\/wp\/v2\/media?parent=25"}],"wp:term":[{"taxonomy":"category","embeddable":true,"href":"https:\/\/www.zapateriachis.com\/blog\/wp-json\/wp\/v2\/categories?post=25"},{"taxonomy":"post_tag","embeddable":true,"href":"https:\/\/www.zapateriachis.com\/blog\/wp-json\/wp\/v2\/tags?post=25"}],"curies":[{"name":"wp","href":"https:\/\/api.w.org\/{rel}","templated":true}]}}