{"id":156,"date":"2018-11-14T19:38:32","date_gmt":"2018-11-14T19:38:32","guid":{"rendered":"http:\/\/www.zapateriachis.com\/blog\/?p=156"},"modified":"2019-01-05T16:55:00","modified_gmt":"2019-01-05T16:55:00","slug":"calzados-para-bebes-en-piura","status":"publish","type":"post","link":"https:\/\/www.zapateriachis.com\/blog\/calzados-para-bebes-en-piura\/","title":{"rendered":"Calzados para beb\u00e9s en Piura"},"content":{"rendered":"<p>Recuerda que estamos en campa\u00f1a de calzados para bebes en tallas del 18 al 21 para el departamento de Piura, todo env\u00edo es gratis.<\/p>\n<p>Tenemos la oferta del\u00a03&#215;2 en Calzado en cuero peruano.<br \/>\nEnv\u00edos a todo el Per\u00fa.<br \/>\nPlanta semiortopedica.<br \/>\n<a href=\"http:\/\/www.zapateriachis.com\">www.zapateriachis.com<\/a><\/p>\n<p><img loading=\"lazy\" decoding=\"async\" data-attachment-id=\"143\" data-permalink=\"https:\/\/www.zapateriachis.com\/blog\/oferta-navidena-3-x-2\/s60d-fuxia\/\" data-orig-file=\"https:\/\/i0.wp.com\/www.zapateriachis.com\/blog\/wp-content\/uploads\/2018\/11\/S60D-FUXIA.jpg?fit=1200%2C900&amp;ssl=1\" data-orig-size=\"1200,900\" data-comments-opened=\"1\" data-image-meta=\"{&quot;aperture&quot;:&quot;0&quot;,&quot;credit&quot;:&quot;&quot;,&quot;camera&quot;:&quot;&quot;,&quot;caption&quot;:&quot;&quot;,&quot;created_timestamp&quot;:&quot;0&quot;,&quot;copyright&quot;:&quot;&quot;,&quot;focal_length&quot;:&quot;0&quot;,&quot;iso&quot;:&quot;0&quot;,&quot;shutter_speed&quot;:&quot;0&quot;,&quot;title&quot;:&quot;&quot;,&quot;orientation&quot;:&quot;1&quot;}\" data-image-title=\"S60D &#8211; FUXIA\" data-image-description=\"\" data-image-caption=\"\" data-medium-file=\"https:\/\/i0.wp.com\/www.zapateriachis.com\/blog\/wp-content\/uploads\/2018\/11\/S60D-FUXIA.jpg?fit=300%2C225&amp;ssl=1\" data-large-file=\"https:\/\/i0.wp.com\/www.zapateriachis.com\/blog\/wp-content\/uploads\/2018\/11\/S60D-FUXIA.jpg?fit=779%2C584&amp;ssl=1\" class=\"wp-image-143 size-large aligncenter\" src=\"https:\/\/i0.wp.com\/www.zapateriachis.com\/blog\/wp-content\/uploads\/2018\/11\/S60D-FUXIA-1024x768.jpg?resize=660%2C495\" alt=\"\" width=\"660\" height=\"495\" srcset=\"https:\/\/i0.wp.com\/www.zapateriachis.com\/blog\/wp-content\/uploads\/2018\/11\/S60D-FUXIA.jpg?resize=1024%2C768&amp;ssl=1 1024w, https:\/\/i0.wp.com\/www.zapateriachis.com\/blog\/wp-content\/uploads\/2018\/11\/S60D-FUXIA.jpg?resize=300%2C225&amp;ssl=1 300w, https:\/\/i0.wp.com\/www.zapateriachis.com\/blog\/wp-content\/uploads\/2018\/11\/S60D-FUXIA.jpg?resize=768%2C576&amp;ssl=1 768w, https:\/\/i0.wp.com\/www.zapateriachis.com\/blog\/wp-content\/uploads\/2018\/11\/S60D-FUXIA.jpg?w=1200&amp;ssl=1 1200w\" sizes=\"(max-width: 660px) 100vw, 660px\" data-recalc-dims=\"1\" \/><\/p>\n<p><strong>Caracter\u00edsticas de nuestro calzado del 18 al 21.<\/strong><br \/>\nCuero peruano, planta de goma, semiortopedicos, plantilla de badana, interior antitranspirante y son livianos.<br \/>\nTodos son vulcanizados.<\/p>\n<p><img loading=\"lazy\" decoding=\"async\" data-attachment-id=\"140\" data-permalink=\"https:\/\/www.zapateriachis.com\/blog\/oferta-navidena-3-x-2\/s-60d-rosado\/\" data-orig-file=\"https:\/\/i0.wp.com\/www.zapateriachis.com\/blog\/wp-content\/uploads\/2018\/11\/S.60D-ROSADO.jpg?fit=1200%2C900&amp;ssl=1\" data-orig-size=\"1200,900\" data-comments-opened=\"1\" data-image-meta=\"{&quot;aperture&quot;:&quot;0&quot;,&quot;credit&quot;:&quot;&quot;,&quot;camera&quot;:&quot;&quot;,&quot;caption&quot;:&quot;&quot;,&quot;created_timestamp&quot;:&quot;0&quot;,&quot;copyright&quot;:&quot;&quot;,&quot;focal_length&quot;:&quot;0&quot;,&quot;iso&quot;:&quot;0&quot;,&quot;shutter_speed&quot;:&quot;0&quot;,&quot;title&quot;:&quot;&quot;,&quot;orientation&quot;:&quot;1&quot;}\" data-image-title=\"calzados piura\" data-image-description=\"\" data-image-caption=\"\" data-medium-file=\"https:\/\/i0.wp.com\/www.zapateriachis.com\/blog\/wp-content\/uploads\/2018\/11\/S.60D-ROSADO.jpg?fit=300%2C225&amp;ssl=1\" data-large-file=\"https:\/\/i0.wp.com\/www.zapateriachis.com\/blog\/wp-content\/uploads\/2018\/11\/S.60D-ROSADO.jpg?fit=779%2C584&amp;ssl=1\" class=\"wp-image-140 size-large aligncenter\" src=\"https:\/\/i0.wp.com\/www.zapateriachis.com\/blog\/wp-content\/uploads\/2018\/11\/S.60D-ROSADO-1024x768.jpg?resize=660%2C495\" alt=\"calzados piura\" width=\"660\" height=\"495\" srcset=\"https:\/\/i0.wp.com\/www.zapateriachis.com\/blog\/wp-content\/uploads\/2018\/11\/S.60D-ROSADO.jpg?resize=1024%2C768&amp;ssl=1 1024w, https:\/\/i0.wp.com\/www.zapateriachis.com\/blog\/wp-content\/uploads\/2018\/11\/S.60D-ROSADO.jpg?resize=300%2C225&amp;ssl=1 300w, https:\/\/i0.wp.com\/www.zapateriachis.com\/blog\/wp-content\/uploads\/2018\/11\/S.60D-ROSADO.jpg?resize=768%2C576&amp;ssl=1 768w, https:\/\/i0.wp.com\/www.zapateriachis.com\/blog\/wp-content\/uploads\/2018\/11\/S.60D-ROSADO.jpg?w=1200&amp;ssl=1 1200w\" sizes=\"(max-width: 660px) 100vw, 660px\" data-recalc-dims=\"1\" \/><\/p>\n<!-- Begin Yuzo --><div class='yuzo_related_post style-1'  data-version='5.12.82'><!-- without result --><div class='yuzo_clearfixed yuzo__title yuzo__title'><h3>Relacionados<\/h3><\/div>\n\t\t\t\t\t\t  <div class=\"relatedthumb \" style=\"width:125px;float:left;overflow:hidden;\">  \n\t\t\t\t\t\t\t  \n\t\t\t\t\t\t\t  <a  href=\"https:\/\/www.zapateriachis.com\/blog\/7-ventajas-de-acariciarse-la-barriga-durante-el-embarazo\/\"  >\n\t\t\t\t\t\t\t\t\t  <div class=\"yuzo-img-wrap \" style=\"width: 125px;height:90px;\">\n\t\t\t\t\t\t\t\t\t\t\n\t\t\t\t\t\t\t\t\t\t<div class=\"yuzo-img\" style=\"background:url('https:\/\/i0.wp.com\/www.zapateriachis.com\/blog\/wp-content\/uploads\/2022\/03\/7-ventajas-de-acariciarse-la-barriga-durante-el-embarazo.jpg?resize=150%2C150&ssl=1') 50% 50% no-repeat;width: 125px;height:90px;margin-bottom: 5px;background-size: cover; \"><\/div>\n\t\t\t\t\t\t\t\t\t  <\/div>\n\t\t\t\t\t\t\t\t\t  \n\t\t\t\t\t\t\t\t   <span class=\"yuzo__text--title\" style=\"font-size:13px;\">7 ventajas de acariciarse la barriga durante el em...<\/span>\n\t\t\t\t\t\t\t  \n\t\t\t\t\t\t\t  \n\t\t\t\t\t\t\t  <\/a>\n\n\t\t\t\t\t\t  <\/div>\n\t\t\t\t\t\t  <div class=\"relatedthumb \" style=\"width:125px;float:left;overflow:hidden;\">  \n\t\t\t\t\t\t\t  \n\t\t\t\t\t\t\t  <a  href=\"https:\/\/www.zapateriachis.com\/blog\/5-tradiciones-navidenas-que-solo-existen-en-peru\/\"  >\n\t\t\t\t\t\t\t\t\t  <div class=\"yuzo-img-wrap \" style=\"width: 125px;height:90px;\">\n\t\t\t\t\t\t\t\t\t\t\n\t\t\t\t\t\t\t\t\t\t<div class=\"yuzo-img\" style=\"background:url('https:\/\/i0.wp.com\/www.zapateriachis.com\/blog\/wp-content\/uploads\/2018\/12\/navidad-peru.jpg?resize=150%2C150&ssl=1') 50% 50% no-repeat;width: 125px;height:90px;margin-bottom: 5px;background-size: cover; \"><\/div>\n\t\t\t\t\t\t\t\t\t  <\/div>\n\t\t\t\t\t\t\t\t\t  \n\t\t\t\t\t\t\t\t   <span class=\"yuzo__text--title\" style=\"font-size:13px;\">5 tradiciones navide\u00f1as que s\u00f3lo existen en Per\u00fa...<\/span>\n\t\t\t\t\t\t\t  \n\t\t\t\t\t\t\t  \n\t\t\t\t\t\t\t  <\/a>\n\n\t\t\t\t\t\t  <\/div>\n\t\t\t\t\t\t  <div class=\"relatedthumb \" style=\"width:125px;float:left;overflow:hidden;\">  \n\t\t\t\t\t\t\t  \n\t\t\t\t\t\t\t  <a  href=\"https:\/\/www.zapateriachis.com\/blog\/padre-trabajo-como-barrendero-y-logro-que-su-hija-sea-medica\/\"  >\n\t\t\t\t\t\t\t\t\t  <div class=\"yuzo-img-wrap \" style=\"width: 125px;height:90px;\">\n\t\t\t\t\t\t\t\t\t\t\n\t\t\t\t\t\t\t\t\t\t<div class=\"yuzo-img\" style=\"background:url('https:\/\/i0.wp.com\/www.zapateriachis.com\/blog\/wp-content\/uploads\/2022\/04\/Padre-trabajo-como-barrendero-y-logro-que-su-hija-sea-medica.jpg?resize=150%2C150&ssl=1') 50% 50% no-repeat;width: 125px;height:90px;margin-bottom: 5px;background-size: cover; \"><\/div>\n\t\t\t\t\t\t\t\t\t  <\/div>\n\t\t\t\t\t\t\t\t\t  \n\t\t\t\t\t\t\t\t   <span class=\"yuzo__text--title\" style=\"font-size:13px;\">Padre trabaj\u00f3 como barrendero y logr\u00f3 que su hija ...<\/span>\n\t\t\t\t\t\t\t  \n\t\t\t\t\t\t\t  \n\t\t\t\t\t\t\t  <\/a>\n\n\t\t\t\t\t\t  <\/div>\n\t\t\t\t\t\t  <div class=\"relatedthumb \" style=\"width:125px;float:left;overflow:hidden;\">  \n\t\t\t\t\t\t\t  \n\t\t\t\t\t\t\t  <a  href=\"https:\/\/www.zapateriachis.com\/blog\/mujer-se-entera-que-esta-embarazada-y-regresa-a-gemelos-al-orfanato\/\"  >\n\t\t\t\t\t\t\t\t\t  <div class=\"yuzo-img-wrap \" style=\"width: 125px;height:90px;\">\n\t\t\t\t\t\t\t\t\t\t\n\t\t\t\t\t\t\t\t\t\t<div class=\"yuzo-img\" style=\"background:url('https:\/\/i0.wp.com\/www.zapateriachis.com\/blog\/wp-content\/uploads\/2022\/04\/Mujer-se-entera-que-esta-embarazada-y-regresa-a-gemelos-al-orfanato.jpg?resize=150%2C150&ssl=1') 50% 50% no-repeat;width: 125px;height:90px;margin-bottom: 5px;background-size: cover; \"><\/div>\n\t\t\t\t\t\t\t\t\t  <\/div>\n\t\t\t\t\t\t\t\t\t  \n\t\t\t\t\t\t\t\t   <span class=\"yuzo__text--title\" style=\"font-size:13px;\">Mujer se entera que est\u00e1 embarazada y regresa a ge...<\/span>\n\t\t\t\t\t\t\t  \n\t\t\t\t\t\t\t  \n\t\t\t\t\t\t\t  <\/a>\n\n\t\t\t\t\t\t  <\/div>\n<\/div> <style>\n\t\t\t\t\t\t\t\t.yuzo_related_post img{width:120px !important; height:110px !important;}\n\t\t\t\t\t\t\t\t.yuzo_related_post .relatedthumb{line-height:15px;background: !important;color:!important;}\n\t\t\t\t\t\t\t\t.yuzo_related_post .relatedthumb:hover{background:#fcfcf4 !important; -webkit-transition: background 0.2s linear; -moz-transition: background 0.2s linear; -o-transition: background 0.2s linear; transition: background 0.2s linear;;color:!important;}\n\t\t\t\t\t\t\t\t.yuzo_related_post .relatedthumb a{color:!important;}\n\t\t\t\t\t\t\t\t.yuzo_related_post .relatedthumb a:hover{ color:}!important;}\n\t\t\t\t\t\t\t\t.yuzo_related_post .relatedthumb:hover a{ color:!important;}\n\t\t\t\t\t\t\t\t.yuzo_related_post .yuzo_text {color:!important;}\n\t\t\t\t\t\t\t\t.yuzo_related_post .relatedthumb:hover .yuzo_text {color:!important;}\n\t\t\t\t\t\t\t\t.yuzo_related_post .relatedthumb{  margin: 0px  0px  0px  0px;   padding: 5px  5px  5px  5px;  }\n\t\t\t\t\t\t\t\t\n\t\t\t\t\t\t\t\t<\/style> <script>\n\t\t\t\t\t\t  jQuery(document).ready(function( $ ){\n\t\t\t\t\t\t\t\/\/jQuery('.yuzo_related_post').equalizer({ overflow : 'relatedthumb' });\n\t\t\t\t\t\t\tjQuery('.yuzo_related_post .yuzo_wraps').equalizer({ columns : '> div' });\n\t\t\t\t\t\t   })\n\t\t\t\t\t\t  <\/script> <!-- End Yuzo :) -->","protected":false},"excerpt":{"rendered":"<p>Recuerda que estamos en campa\u00f1a de calzados para bebes en tallas del 18 al 21 para el departamento de Piura, todo env\u00edo es gratis. Tenemos la oferta del\u00a03&#215;2 en Calzado&hellip; <\/p>\n","protected":false},"author":1,"featured_media":157,"comment_status":"open","ping_status":"open","sticky":false,"template":"","format":"standard","meta":{"jetpack_post_was_ever_published":false,"_jetpack_newsletter_access":"","_jetpack_dont_email_post_to_subs":false,"_jetpack_newsletter_tier_id":0,"_jetpack_memberships_contains_paywalled_content":false,"_jetpack_memberships_contains_paid_content":false,"footnotes":""},"categories":[1],"tags":[],"yoast_head":"<!-- This site is optimized with the Yoast SEO plugin v22.7 - https:\/\/yoast.com\/wordpress\/plugins\/seo\/ -->\n<title>Calzados para beb\u00e9s en Piura - Zapateria Chis<\/title>\n<meta name=\"robots\" content=\"index, follow, max-snippet:-1, max-image-preview:large, max-video-preview:-1\" \/>\n<link rel=\"canonical\" href=\"https:\/\/www.zapateriachis.com\/blog\/calzados-para-bebes-en-piura\/\" \/>\n<meta property=\"og:locale\" content=\"es_ES\" \/>\n<meta property=\"og:type\" content=\"article\" \/>\n<meta property=\"og:title\" content=\"Calzados para beb\u00e9s en Piura - Zapateria Chis\" \/>\n<meta property=\"og:description\" content=\"Recuerda que estamos en campa\u00f1a de calzados para bebes en tallas del 18 al 21 para el departamento de Piura, todo env\u00edo es gratis. Tenemos la oferta del\u00a03&#215;2 en Calzado&hellip;\" \/>\n<meta property=\"og:url\" content=\"https:\/\/www.zapateriachis.com\/blog\/calzados-para-bebes-en-piura\/\" \/>\n<meta property=\"og:site_name\" content=\"Zapateria Chis\" \/>\n<meta property=\"article:publisher\" content=\"https:\/\/www.facebook.com\/zapatosbebes\/\" \/>\n<meta property=\"article:published_time\" content=\"2018-11-14T19:38:32+00:00\" \/>\n<meta property=\"article:modified_time\" content=\"2019-01-05T16:55:00+00:00\" \/>\n<meta property=\"og:image\" content=\"https:\/\/i0.wp.com\/www.zapateriachis.com\/blog\/wp-content\/uploads\/2018\/11\/3.1.jpg?fit=1200%2C900&ssl=1\" \/>\n\t<meta property=\"og:image:width\" content=\"1200\" \/>\n\t<meta property=\"og:image:height\" content=\"900\" \/>\n\t<meta property=\"og:image:type\" content=\"image\/jpeg\" \/>\n<meta name=\"author\" content=\"zapateriachis\" \/>\n<meta name=\"twitter:card\" content=\"summary_large_image\" \/>\n<meta name=\"twitter:creator\" content=\"@calzadobebes\" \/>\n<meta name=\"twitter:site\" content=\"@calzadobebes\" \/>\n<meta name=\"twitter:label1\" content=\"Escrito por\" \/>\n\t<meta name=\"twitter:data1\" content=\"zapateriachis\" \/>\n<script type=\"application\/ld+json\" class=\"yoast-schema-graph\">{\"@context\":\"https:\/\/schema.org\",\"@graph\":[{\"@type\":\"WebPage\",\"@id\":\"https:\/\/www.zapateriachis.com\/blog\/calzados-para-bebes-en-piura\/\",\"url\":\"https:\/\/www.zapateriachis.com\/blog\/calzados-para-bebes-en-piura\/\",\"name\":\"Calzados para beb\u00e9s en Piura - Zapateria Chis\",\"isPartOf\":{\"@id\":\"https:\/\/www.zapateriachis.com\/blog\/#website\"},\"primaryImageOfPage\":{\"@id\":\"https:\/\/www.zapateriachis.com\/blog\/calzados-para-bebes-en-piura\/#primaryimage\"},\"image\":{\"@id\":\"https:\/\/www.zapateriachis.com\/blog\/calzados-para-bebes-en-piura\/#primaryimage\"},\"thumbnailUrl\":\"https:\/\/i0.wp.com\/www.zapateriachis.com\/blog\/wp-content\/uploads\/2018\/11\/3.1.jpg?fit=1200%2C900&ssl=1\",\"datePublished\":\"2018-11-14T19:38:32+00:00\",\"dateModified\":\"2019-01-05T16:55:00+00:00\",\"author\":{\"@id\":\"https:\/\/www.zapateriachis.com\/blog\/#\/schema\/person\/61c3f590b83dc3da52b32ad72fe1d054\"},\"breadcrumb\":{\"@id\":\"https:\/\/www.zapateriachis.com\/blog\/calzados-para-bebes-en-piura\/#breadcrumb\"},\"inLanguage\":\"es\",\"potentialAction\":[{\"@type\":\"ReadAction\",\"target\":[\"https:\/\/www.zapateriachis.com\/blog\/calzados-para-bebes-en-piura\/\"]}]},{\"@type\":\"ImageObject\",\"inLanguage\":\"es\",\"@id\":\"https:\/\/www.zapateriachis.com\/blog\/calzados-para-bebes-en-piura\/#primaryimage\",\"url\":\"https:\/\/i0.wp.com\/www.zapateriachis.com\/blog\/wp-content\/uploads\/2018\/11\/3.1.jpg?fit=1200%2C900&ssl=1\",\"contentUrl\":\"https:\/\/i0.wp.com\/www.zapateriachis.com\/blog\/wp-content\/uploads\/2018\/11\/3.1.jpg?fit=1200%2C900&ssl=1\",\"width\":1200,\"height\":900,\"caption\":\"oferta en piura\"},{\"@type\":\"BreadcrumbList\",\"@id\":\"https:\/\/www.zapateriachis.com\/blog\/calzados-para-bebes-en-piura\/#breadcrumb\",\"itemListElement\":[{\"@type\":\"ListItem\",\"position\":1,\"name\":\"Portada\",\"item\":\"https:\/\/www.zapateriachis.com\/blog\/\"},{\"@type\":\"ListItem\",\"position\":2,\"name\":\"Calzados para beb\u00e9s en Piura\"}]},{\"@type\":\"WebSite\",\"@id\":\"https:\/\/www.zapateriachis.com\/blog\/#website\",\"url\":\"https:\/\/www.zapateriachis.com\/blog\/\",\"name\":\"Zapateria Chis\",\"description\":\"Calzados para beb\u00e9s\",\"potentialAction\":[{\"@type\":\"SearchAction\",\"target\":{\"@type\":\"EntryPoint\",\"urlTemplate\":\"https:\/\/www.zapateriachis.com\/blog\/?s={search_term_string}\"},\"query-input\":\"required name=search_term_string\"}],\"inLanguage\":\"es\"},{\"@type\":\"Person\",\"@id\":\"https:\/\/www.zapateriachis.com\/blog\/#\/schema\/person\/61c3f590b83dc3da52b32ad72fe1d054\",\"name\":\"zapateriachis\",\"image\":{\"@type\":\"ImageObject\",\"inLanguage\":\"es\",\"@id\":\"https:\/\/www.zapateriachis.com\/blog\/#\/schema\/person\/image\/\",\"url\":\"https:\/\/secure.gravatar.com\/avatar\/148060ab2023b805921979f369e0f38c?s=96&d=mm&r=g\",\"contentUrl\":\"https:\/\/secure.gravatar.com\/avatar\/148060ab2023b805921979f369e0f38c?s=96&d=mm&r=g\",\"caption\":\"zapateriachis\"},\"url\":\"https:\/\/www.zapateriachis.com\/blog\/author\/zapateriachis\/\"}]}<\/script>\n<!-- \/ Yoast SEO plugin. -->","yoast_head_json":{"title":"Calzados para beb\u00e9s en Piura - Zapateria Chis","robots":{"index":"index","follow":"follow","max-snippet":"max-snippet:-1","max-image-preview":"max-image-preview:large","max-video-preview":"max-video-preview:-1"},"canonical":"https:\/\/www.zapateriachis.com\/blog\/calzados-para-bebes-en-piura\/","og_locale":"es_ES","og_type":"article","og_title":"Calzados para beb\u00e9s en Piura - Zapateria Chis","og_description":"Recuerda que estamos en campa\u00f1a de calzados para bebes en tallas del 18 al 21 para el departamento de Piura, todo env\u00edo es gratis. Tenemos la oferta del\u00a03&#215;2 en Calzado&hellip;","og_url":"https:\/\/www.zapateriachis.com\/blog\/calzados-para-bebes-en-piura\/","og_site_name":"Zapateria Chis","article_publisher":"https:\/\/www.facebook.com\/zapatosbebes\/","article_published_time":"2018-11-14T19:38:32+00:00","article_modified_time":"2019-01-05T16:55:00+00:00","og_image":[{"width":1200,"height":900,"url":"https:\/\/i0.wp.com\/www.zapateriachis.com\/blog\/wp-content\/uploads\/2018\/11\/3.1.jpg?fit=1200%2C900&ssl=1","type":"image\/jpeg"}],"author":"zapateriachis","twitter_card":"summary_large_image","twitter_creator":"@calzadobebes","twitter_site":"@calzadobebes","twitter_misc":{"Escrito por":"zapateriachis"},"schema":{"@context":"https:\/\/schema.org","@graph":[{"@type":"WebPage","@id":"https:\/\/www.zapateriachis.com\/blog\/calzados-para-bebes-en-piura\/","url":"https:\/\/www.zapateriachis.com\/blog\/calzados-para-bebes-en-piura\/","name":"Calzados para beb\u00e9s en Piura - Zapateria Chis","isPartOf":{"@id":"https:\/\/www.zapateriachis.com\/blog\/#website"},"primaryImageOfPage":{"@id":"https:\/\/www.zapateriachis.com\/blog\/calzados-para-bebes-en-piura\/#primaryimage"},"image":{"@id":"https:\/\/www.zapateriachis.com\/blog\/calzados-para-bebes-en-piura\/#primaryimage"},"thumbnailUrl":"https:\/\/i0.wp.com\/www.zapateriachis.com\/blog\/wp-content\/uploads\/2018\/11\/3.1.jpg?fit=1200%2C900&ssl=1","datePublished":"2018-11-14T19:38:32+00:00","dateModified":"2019-01-05T16:55:00+00:00","author":{"@id":"https:\/\/www.zapateriachis.com\/blog\/#\/schema\/person\/61c3f590b83dc3da52b32ad72fe1d054"},"breadcrumb":{"@id":"https:\/\/www.zapateriachis.com\/blog\/calzados-para-bebes-en-piura\/#breadcrumb"},"inLanguage":"es","potentialAction":[{"@type":"ReadAction","target":["https:\/\/www.zapateriachis.com\/blog\/calzados-para-bebes-en-piura\/"]}]},{"@type":"ImageObject","inLanguage":"es","@id":"https:\/\/www.zapateriachis.com\/blog\/calzados-para-bebes-en-piura\/#primaryimage","url":"https:\/\/i0.wp.com\/www.zapateriachis.com\/blog\/wp-content\/uploads\/2018\/11\/3.1.jpg?fit=1200%2C900&ssl=1","contentUrl":"https:\/\/i0.wp.com\/www.zapateriachis.com\/blog\/wp-content\/uploads\/2018\/11\/3.1.jpg?fit=1200%2C900&ssl=1","width":1200,"height":900,"caption":"oferta en piura"},{"@type":"BreadcrumbList","@id":"https:\/\/www.zapateriachis.com\/blog\/calzados-para-bebes-en-piura\/#breadcrumb","itemListElement":[{"@type":"ListItem","position":1,"name":"Portada","item":"https:\/\/www.zapateriachis.com\/blog\/"},{"@type":"ListItem","position":2,"name":"Calzados para beb\u00e9s en Piura"}]},{"@type":"WebSite","@id":"https:\/\/www.zapateriachis.com\/blog\/#website","url":"https:\/\/www.zapateriachis.com\/blog\/","name":"Zapateria Chis","description":"Calzados para beb\u00e9s","potentialAction":[{"@type":"SearchAction","target":{"@type":"EntryPoint","urlTemplate":"https:\/\/www.zapateriachis.com\/blog\/?s={search_term_string}"},"query-input":"required name=search_term_string"}],"inLanguage":"es"},{"@type":"Person","@id":"https:\/\/www.zapateriachis.com\/blog\/#\/schema\/person\/61c3f590b83dc3da52b32ad72fe1d054","name":"zapateriachis","image":{"@type":"ImageObject","inLanguage":"es","@id":"https:\/\/www.zapateriachis.com\/blog\/#\/schema\/person\/image\/","url":"https:\/\/secure.gravatar.com\/avatar\/148060ab2023b805921979f369e0f38c?s=96&d=mm&r=g","contentUrl":"https:\/\/secure.gravatar.com\/avatar\/148060ab2023b805921979f369e0f38c?s=96&d=mm&r=g","caption":"zapateriachis"},"url":"https:\/\/www.zapateriachis.com\/blog\/author\/zapateriachis\/"}]}},"jetpack_featured_media_url":"https:\/\/i0.wp.com\/www.zapateriachis.com\/blog\/wp-content\/uploads\/2018\/11\/3.1.jpg?fit=1200%2C900&ssl=1","jetpack_sharing_enabled":true,"jetpack_shortlink":"https:\/\/wp.me\/parlCB-2w","jetpack-related-posts":[],"_links":{"self":[{"href":"https:\/\/www.zapateriachis.com\/blog\/wp-json\/wp\/v2\/posts\/156"}],"collection":[{"href":"https:\/\/www.zapateriachis.com\/blog\/wp-json\/wp\/v2\/posts"}],"about":[{"href":"https:\/\/www.zapateriachis.com\/blog\/wp-json\/wp\/v2\/types\/post"}],"author":[{"embeddable":true,"href":"https:\/\/www.zapateriachis.com\/blog\/wp-json\/wp\/v2\/users\/1"}],"replies":[{"embeddable":true,"href":"https:\/\/www.zapateriachis.com\/blog\/wp-json\/wp\/v2\/comments?post=156"}],"version-history":[{"count":4,"href":"https:\/\/www.zapateriachis.com\/blog\/wp-json\/wp\/v2\/posts\/156\/revisions"}],"predecessor-version":[{"id":339,"href":"https:\/\/www.zapateriachis.com\/blog\/wp-json\/wp\/v2\/posts\/156\/revisions\/339"}],"wp:featuredmedia":[{"embeddable":true,"href":"https:\/\/www.zapateriachis.com\/blog\/wp-json\/wp\/v2\/media\/157"}],"wp:attachment":[{"href":"https:\/\/www.zapateriachis.com\/blog\/wp-json\/wp\/v2\/media?parent=156"}],"wp:term":[{"taxonomy":"category","embeddable":true,"href":"https:\/\/www.zapateriachis.com\/blog\/wp-json\/wp\/v2\/categories?post=156"},{"taxonomy":"post_tag","embeddable":true,"href":"https:\/\/www.zapateriachis.com\/blog\/wp-json\/wp\/v2\/tags?post=156"}],"curies":[{"name":"wp","href":"https:\/\/api.w.org\/{rel}","templated":true}]}}