{"id":153,"date":"2018-11-14T19:33:19","date_gmt":"2018-11-14T19:33:19","guid":{"rendered":"http:\/\/www.zapateriachis.com\/blog\/?p=153"},"modified":"2018-11-14T19:33:19","modified_gmt":"2018-11-14T19:33:19","slug":"si-tu-bebe-no-duerme-por-la-noche-no-te-preocupes","status":"publish","type":"post","link":"https:\/\/www.zapateriachis.com\/blog\/si-tu-bebe-no-duerme-por-la-noche-no-te-preocupes\/","title":{"rendered":"Si tu beb\u00e9 no duerme por la noche&#8230; \u00a1No te preocupes!"},"content":{"rendered":"<p style=\"text-align: justify;\">Un estudio no encuentra ninguna relaci\u00f3n entre la interrupci\u00f3n del sue\u00f1o nocturno entre los 6 y los 12 meses y problemas de desarrollo posteriores<\/p>\n<p>Escuchas l\u00e1grimas y gritos en medio de la noche. Te levantas de la cama con lega\u00f1as en los ojos, movi\u00e9ndote por la habitaci\u00f3n a tientas, tratando de recordar d\u00f3nde estas y qu\u00e9 hora es. Te diriges a la cuna, donde tu beb\u00e9 no para de llorar. \u00bfTendr\u00e1 hambre?\u00bfHabr\u00e1 que cambiarle el pa\u00f1al?\u00bfser\u00e1 una pesadilla? Sea lo que sea lo que le pase, tardes lo que tardes (incluso horas) en descubrirlo, no te preocupes, no es tan malo como parece.<\/p>\n<p style=\"text-align: justify;\">Investigadores de la McGill University acaban de publicar un art\u00edculo en la revista Pediatrics en el que aseguran que no hay ninguna relaci\u00f3n entre la interrupci\u00f3n del sue\u00f1o nocturno en beb\u00e9s de entre 6 meses y 1 a\u00f1o y los problemas de desarrollo posteriores. Incluso si los peque\u00f1os no duermen 6 u 8 horas consecutivas, tampoco tienen m\u00e1s probabilidades de sufrir afectaciones psicomotoras y mentales.<\/p>\n<p style=\"text-align: justify;\">Si los peque\u00f1os no duermen 6 u 8 horas consecutivas, tampoco tienen m\u00e1s probabilidades de sufrir afectaciones<\/p>\n<p style=\"text-align: justify;\">\u00abLos padres a menudo esperan que su beb\u00e9 comience a dormir toda la noche alrededor de los seis meses. A menudo reciben mensajes de pediatras y otros especialistas sobre la importancia de la consolidaci\u00f3n temprana del sue\u00f1o\u00bb, se\u00f1alan los expertos de McGill, que han concluido que un gran porcentaje de criaturas sanas no alcanzan ese hito a los seis meses, ni tan siquiera a los 12.<\/p>\n<p style=\"text-align: justify;\">Para lograr estos resultados analizaron informes sobre medidas de sue\u00f1o de 388 lactantes de seis meses y 369 peque\u00f1os de un a\u00f1o de cl\u00ednicas obst\u00e9tricas en Montreal, Qu\u00e9bec y Hamilton (Ontario). A los 6 meses, el 38% de los beb\u00e9s con un desarrollo normal no dorm\u00edan 6 horas consecutivas por la noche, seg\u00fan los informes de las madres. M\u00e1s de la mitad (57 por ciento) no dorm\u00eda 8 horas.<\/p>\n<p style=\"text-align: justify;\">Los investigadores detectaron, adem\u00e1s, que hab\u00eda una diferencia entre los patrones de sue\u00f1o de ni\u00f1os y ni\u00f1as<\/p>\n<p style=\"text-align: justify;\">A los 12 meses, el 28 por ciento de las criaturas a\u00fan no dorm\u00edan seis horas y el 43 por ciento no dorm\u00eda ocho horas. Los investigadores detectaron, adem\u00e1s, que hab\u00eda una diferencia entre los patrones de sue\u00f1o de los ni\u00f1os y las ni\u00f1as. A los seis meses, un porcentaje ligeramente mayor de ni\u00f1as dorm\u00edan ocho horas seguidas. (48% frente al 39%).<\/p>\n<p style=\"text-align: justify;\">Los cient\u00edficos tampoco encontraron correlaci\u00f3n entre los beb\u00e9s que se despiertan por la noche y el estado de \u00e1nimo postnatal de sus madres. Pero s\u00ed descubrieron que los peque\u00f1os que no dorm\u00edan durante seis u ocho horas consecutivas ten\u00edan una tasa significativamente m\u00e1s alta de lactancia materna, lo que ofrece muchos beneficios para los beb\u00e9s y las madres.<\/p>\n<p style=\"text-align: justify;\">Conseguir dormir durante toda la noche en alg\u00fan momento entre los seis y los doce meses generalmente se considera el \u00abest\u00e1ndar de oro\u00bb en los pa\u00edses occidentales. De hecho, los expertos de McGill se\u00f1alan que el entrenamiento conductual del sue\u00f1o es popular entre los progenitores y los profesionales para alentar a los ni\u00f1os a dormir.<\/p>\n<p style=\"text-align: justify;\">\u00abNuestros hallazgos sugieren que los padres podr\u00edan beneficiarse de una mayor educaci\u00f3n sobre el desarrollo normal y la amplia variabilidad en los ciclos de sue\u00f1o y vigilia de los beb\u00e9s, en lugar de centrarse \u00fanicamente en los m\u00e9todos e intervenciones, especialmente para aquellos que se sienten estresados \u200b\u200bpor m\u00e9todos como la respuesta tard\u00eda al lloro\u00bb, se\u00f1ala Marie-H\u00e9l\u00e8ne Pennestri, autora principal del estudio.<\/p>\n<p style=\"text-align: justify;\">\u00abLa privaci\u00f3n del sue\u00f1o de los padres es invocada a menudo para apoyar la introducci\u00f3n de intervenciones conductuales tempranas, pero puede ser que las expectativas de los progenitores sobre ser despertados por la noche -junto con el n\u00famero total de horas que duermen durante las 24 horas del d\u00eda- sea mejor predictor de su bienestar\u00bb, a\u00f1ade.<\/p>\n<!-- Begin Yuzo --><div class='yuzo_related_post style-1'  data-version='5.12.82'><!-- without result --><div class='yuzo_clearfixed yuzo__title yuzo__title'><h3>Relacionados<\/h3><\/div>\n\t\t\t\t\t\t  <div class=\"relatedthumb \" style=\"width:125px;float:left;overflow:hidden;\">  \n\t\t\t\t\t\t\t  \n\t\t\t\t\t\t\t  <a  href=\"https:\/\/www.zapateriachis.com\/blog\/ventajas-para-toda-la-familia-en-la-cuarentena\/\"  >\n\t\t\t\t\t\t\t\t\t  <div class=\"yuzo-img-wrap \" style=\"width: 125px;height:90px;\">\n\t\t\t\t\t\t\t\t\t\t\n\t\t\t\t\t\t\t\t\t\t<div class=\"yuzo-img\" style=\"background:url('https:\/\/i0.wp.com\/www.zapateriachis.com\/blog\/wp-content\/uploads\/2020\/03\/Ventajas-para-toda-la-familia-en-la-cuarentena..jpg?resize=150%2C150&ssl=1') 50% 50% no-repeat;width: 125px;height:90px;margin-bottom: 5px;background-size: cover; \"><\/div>\n\t\t\t\t\t\t\t\t\t  <\/div>\n\t\t\t\t\t\t\t\t\t  \n\t\t\t\t\t\t\t\t   <span class=\"yuzo__text--title\" style=\"font-size:13px;\">Ventajas para toda la familia en  la cuarentena.<\/span>\n\t\t\t\t\t\t\t  \n\t\t\t\t\t\t\t  \n\t\t\t\t\t\t\t  <\/a>\n\n\t\t\t\t\t\t  <\/div>\n\t\t\t\t\t\t  <div class=\"relatedthumb \" style=\"width:125px;float:left;overflow:hidden;\">  \n\t\t\t\t\t\t\t  \n\t\t\t\t\t\t\t  <a  href=\"https:\/\/www.zapateriachis.com\/blog\/me-preocupa-no-alimentar-bien-a-mi-bebe-por-el-vomito-de-los-primeros-meses\/\"  >\n\t\t\t\t\t\t\t\t\t  <div class=\"yuzo-img-wrap \" style=\"width: 125px;height:90px;\">\n\t\t\t\t\t\t\t\t\t\t\n\t\t\t\t\t\t\t\t\t\t<div class=\"yuzo-img\" style=\"background:url('https:\/\/i0.wp.com\/www.zapateriachis.com\/blog\/wp-content\/uploads\/2018\/12\/Me-preocupa-no-alimentar-bien-a-mi-beb\u00e9.jpg?resize=150%2C150&ssl=1') 50% 50% no-repeat;width: 125px;height:90px;margin-bottom: 5px;background-size: cover; \"><\/div>\n\t\t\t\t\t\t\t\t\t  <\/div>\n\t\t\t\t\t\t\t\t\t  \n\t\t\t\t\t\t\t\t   <span class=\"yuzo__text--title\" style=\"font-size:13px;\">Me preocupa no alimentar bien a mi beb\u00e9 por el v\u00f3m...<\/span>\n\t\t\t\t\t\t\t  \n\t\t\t\t\t\t\t  \n\t\t\t\t\t\t\t  <\/a>\n\n\t\t\t\t\t\t  <\/div>\n\t\t\t\t\t\t  <div class=\"relatedthumb \" style=\"width:125px;float:left;overflow:hidden;\">  \n\t\t\t\t\t\t\t  \n\t\t\t\t\t\t\t  <a  href=\"https:\/\/www.zapateriachis.com\/blog\/mueren-dos-embarazadas-por-el-coronavirus\/\"  >\n\t\t\t\t\t\t\t\t\t  <div class=\"yuzo-img-wrap \" style=\"width: 125px;height:90px;\">\n\t\t\t\t\t\t\t\t\t\t\n\t\t\t\t\t\t\t\t\t\t<div class=\"yuzo-img\" style=\"background:url('https:\/\/i0.wp.com\/www.zapateriachis.com\/blog\/wp-content\/uploads\/2020\/04\/Mueren-dos-embarazadas-por-el-Coronavirus.jpg?resize=150%2C150&ssl=1') 50% 50% no-repeat;width: 125px;height:90px;margin-bottom: 5px;background-size: cover; \"><\/div>\n\t\t\t\t\t\t\t\t\t  <\/div>\n\t\t\t\t\t\t\t\t\t  \n\t\t\t\t\t\t\t\t   <span class=\"yuzo__text--title\" style=\"font-size:13px;\">Mueren dos embarazadas por el Coronavirus<\/span>\n\t\t\t\t\t\t\t  \n\t\t\t\t\t\t\t  \n\t\t\t\t\t\t\t  <\/a>\n\n\t\t\t\t\t\t  <\/div>\n\t\t\t\t\t\t  <div class=\"relatedthumb \" style=\"width:125px;float:left;overflow:hidden;\">  \n\t\t\t\t\t\t\t  \n\t\t\t\t\t\t\t  <a  href=\"https:\/\/www.zapateriachis.com\/blog\/madre-tuvo-mellizos-uno-con-sindrome-de-down-y-se-nego-a-darlo-en-adopcion\/\"  >\n\t\t\t\t\t\t\t\t\t  <div class=\"yuzo-img-wrap \" style=\"width: 125px;height:90px;\">\n\t\t\t\t\t\t\t\t\t\t\n\t\t\t\t\t\t\t\t\t\t<div class=\"yuzo-img\" style=\"background:url('https:\/\/i0.wp.com\/www.zapateriachis.com\/blog\/wp-content\/uploads\/2022\/04\/Madre-tuvo-mellizos-uno-con-Sindrome-de-Down-y-se-nego-a-darlo-en-adopcion.jpg?resize=150%2C150&ssl=1') 50% 50% no-repeat;width: 125px;height:90px;margin-bottom: 5px;background-size: cover; \"><\/div>\n\t\t\t\t\t\t\t\t\t  <\/div>\n\t\t\t\t\t\t\t\t\t  \n\t\t\t\t\t\t\t\t   <span class=\"yuzo__text--title\" style=\"font-size:13px;\">Madre tuvo mellizos, uno con S\u00edndrome de Down y se...<\/span>\n\t\t\t\t\t\t\t  \n\t\t\t\t\t\t\t  \n\t\t\t\t\t\t\t  <\/a>\n\n\t\t\t\t\t\t  <\/div>\n<\/div> <style>\n\t\t\t\t\t\t\t\t.yuzo_related_post img{width:120px !important; height:110px !important;}\n\t\t\t\t\t\t\t\t.yuzo_related_post .relatedthumb{line-height:15px;background: !important;color:!important;}\n\t\t\t\t\t\t\t\t.yuzo_related_post .relatedthumb:hover{background:#fcfcf4 !important; -webkit-transition: background 0.2s linear; -moz-transition: background 0.2s linear; -o-transition: background 0.2s linear; transition: background 0.2s linear;;color:!important;}\n\t\t\t\t\t\t\t\t.yuzo_related_post .relatedthumb a{color:!important;}\n\t\t\t\t\t\t\t\t.yuzo_related_post .relatedthumb a:hover{ color:}!important;}\n\t\t\t\t\t\t\t\t.yuzo_related_post .relatedthumb:hover a{ color:!important;}\n\t\t\t\t\t\t\t\t.yuzo_related_post .yuzo_text {color:!important;}\n\t\t\t\t\t\t\t\t.yuzo_related_post .relatedthumb:hover .yuzo_text {color:!important;}\n\t\t\t\t\t\t\t\t.yuzo_related_post .relatedthumb{  margin: 0px  0px  0px  0px;   padding: 5px  5px  5px  5px;  }\n\t\t\t\t\t\t\t\t\n\t\t\t\t\t\t\t\t<\/style> <script>\n\t\t\t\t\t\t  jQuery(document).ready(function( $ ){\n\t\t\t\t\t\t\t\/\/jQuery('.yuzo_related_post').equalizer({ overflow : 'relatedthumb' });\n\t\t\t\t\t\t\tjQuery('.yuzo_related_post .yuzo_wraps').equalizer({ columns : '> div' });\n\t\t\t\t\t\t   })\n\t\t\t\t\t\t  <\/script> <!-- End Yuzo :) -->","protected":false},"excerpt":{"rendered":"<p>Un estudio no encuentra ninguna relaci\u00f3n entre la interrupci\u00f3n del sue\u00f1o nocturno entre los 6 y los 12 meses y problemas de desarrollo posteriores Escuchas l\u00e1grimas y gritos en medio&hellip; <\/p>\n","protected":false},"author":1,"featured_media":154,"comment_status":"open","ping_status":"open","sticky":false,"template":"","format":"standard","meta":{"jetpack_post_was_ever_published":false,"_jetpack_newsletter_access":"","_jetpack_dont_email_post_to_subs":false,"_jetpack_newsletter_tier_id":0,"_jetpack_memberships_contains_paywalled_content":false,"_jetpack_memberships_contains_paid_content":false,"footnotes":""},"categories":[1,6],"tags":[25],"yoast_head":"<!-- This site is optimized with the Yoast SEO plugin v22.7 - https:\/\/yoast.com\/wordpress\/plugins\/seo\/ -->\n<title>Si tu beb\u00e9 no duerme por la noche... \u00a1No te preocupes! - Zapateria Chis<\/title>\n<meta name=\"robots\" content=\"index, follow, max-snippet:-1, max-image-preview:large, max-video-preview:-1\" \/>\n<link rel=\"canonical\" href=\"https:\/\/www.zapateriachis.com\/blog\/si-tu-bebe-no-duerme-por-la-noche-no-te-preocupes\/\" \/>\n<meta property=\"og:locale\" content=\"es_ES\" \/>\n<meta property=\"og:type\" content=\"article\" \/>\n<meta property=\"og:title\" content=\"Si tu beb\u00e9 no duerme por la noche... \u00a1No te preocupes! - Zapateria Chis\" \/>\n<meta property=\"og:description\" content=\"Un estudio no encuentra ninguna relaci\u00f3n entre la interrupci\u00f3n del sue\u00f1o nocturno entre los 6 y los 12 meses y problemas de desarrollo posteriores Escuchas l\u00e1grimas y gritos en medio&hellip;\" \/>\n<meta property=\"og:url\" content=\"https:\/\/www.zapateriachis.com\/blog\/si-tu-bebe-no-duerme-por-la-noche-no-te-preocupes\/\" \/>\n<meta property=\"og:site_name\" content=\"Zapateria Chis\" \/>\n<meta property=\"article:publisher\" content=\"https:\/\/www.facebook.com\/zapatosbebes\/\" \/>\n<meta property=\"article:published_time\" content=\"2018-11-14T19:33:19+00:00\" \/>\n<meta property=\"og:image\" content=\"https:\/\/i0.wp.com\/www.zapateriachis.com\/blog\/wp-content\/uploads\/2018\/11\/beb\u00e9-no-duerme-por-la-noche.jpg?fit=1200%2C900&ssl=1\" \/>\n\t<meta property=\"og:image:width\" content=\"1200\" \/>\n\t<meta property=\"og:image:height\" content=\"900\" \/>\n\t<meta property=\"og:image:type\" content=\"image\/jpeg\" \/>\n<meta name=\"author\" content=\"zapateriachis\" \/>\n<meta name=\"twitter:card\" content=\"summary_large_image\" \/>\n<meta name=\"twitter:creator\" content=\"@calzadobebes\" \/>\n<meta name=\"twitter:site\" content=\"@calzadobebes\" \/>\n<meta name=\"twitter:label1\" content=\"Escrito por\" \/>\n\t<meta name=\"twitter:data1\" content=\"zapateriachis\" \/>\n\t<meta name=\"twitter:label2\" content=\"Tiempo de lectura\" \/>\n\t<meta name=\"twitter:data2\" content=\"3 minutos\" \/>\n<script type=\"application\/ld+json\" class=\"yoast-schema-graph\">{\"@context\":\"https:\/\/schema.org\",\"@graph\":[{\"@type\":\"WebPage\",\"@id\":\"https:\/\/www.zapateriachis.com\/blog\/si-tu-bebe-no-duerme-por-la-noche-no-te-preocupes\/\",\"url\":\"https:\/\/www.zapateriachis.com\/blog\/si-tu-bebe-no-duerme-por-la-noche-no-te-preocupes\/\",\"name\":\"Si tu beb\u00e9 no duerme por la noche... \u00a1No te preocupes! - Zapateria Chis\",\"isPartOf\":{\"@id\":\"https:\/\/www.zapateriachis.com\/blog\/#website\"},\"primaryImageOfPage\":{\"@id\":\"https:\/\/www.zapateriachis.com\/blog\/si-tu-bebe-no-duerme-por-la-noche-no-te-preocupes\/#primaryimage\"},\"image\":{\"@id\":\"https:\/\/www.zapateriachis.com\/blog\/si-tu-bebe-no-duerme-por-la-noche-no-te-preocupes\/#primaryimage\"},\"thumbnailUrl\":\"https:\/\/i0.wp.com\/www.zapateriachis.com\/blog\/wp-content\/uploads\/2018\/11\/beb\u00e9-no-duerme-por-la-noche.jpg?fit=1200%2C900&ssl=1\",\"datePublished\":\"2018-11-14T19:33:19+00:00\",\"dateModified\":\"2018-11-14T19:33:19+00:00\",\"author\":{\"@id\":\"https:\/\/www.zapateriachis.com\/blog\/#\/schema\/person\/61c3f590b83dc3da52b32ad72fe1d054\"},\"breadcrumb\":{\"@id\":\"https:\/\/www.zapateriachis.com\/blog\/si-tu-bebe-no-duerme-por-la-noche-no-te-preocupes\/#breadcrumb\"},\"inLanguage\":\"es\",\"potentialAction\":[{\"@type\":\"ReadAction\",\"target\":[\"https:\/\/www.zapateriachis.com\/blog\/si-tu-bebe-no-duerme-por-la-noche-no-te-preocupes\/\"]}]},{\"@type\":\"ImageObject\",\"inLanguage\":\"es\",\"@id\":\"https:\/\/www.zapateriachis.com\/blog\/si-tu-bebe-no-duerme-por-la-noche-no-te-preocupes\/#primaryimage\",\"url\":\"https:\/\/i0.wp.com\/www.zapateriachis.com\/blog\/wp-content\/uploads\/2018\/11\/beb\u00e9-no-duerme-por-la-noche.jpg?fit=1200%2C900&ssl=1\",\"contentUrl\":\"https:\/\/i0.wp.com\/www.zapateriachis.com\/blog\/wp-content\/uploads\/2018\/11\/beb\u00e9-no-duerme-por-la-noche.jpg?fit=1200%2C900&ssl=1\",\"width\":1200,\"height\":900,\"caption\":\"beb\u00e9 no duerme por la noche\"},{\"@type\":\"BreadcrumbList\",\"@id\":\"https:\/\/www.zapateriachis.com\/blog\/si-tu-bebe-no-duerme-por-la-noche-no-te-preocupes\/#breadcrumb\",\"itemListElement\":[{\"@type\":\"ListItem\",\"position\":1,\"name\":\"Portada\",\"item\":\"https:\/\/www.zapateriachis.com\/blog\/\"},{\"@type\":\"ListItem\",\"position\":2,\"name\":\"Si tu beb\u00e9 no duerme por la noche&#8230; \u00a1No te preocupes!\"}]},{\"@type\":\"WebSite\",\"@id\":\"https:\/\/www.zapateriachis.com\/blog\/#website\",\"url\":\"https:\/\/www.zapateriachis.com\/blog\/\",\"name\":\"Zapateria Chis\",\"description\":\"Calzados para beb\u00e9s\",\"potentialAction\":[{\"@type\":\"SearchAction\",\"target\":{\"@type\":\"EntryPoint\",\"urlTemplate\":\"https:\/\/www.zapateriachis.com\/blog\/?s={search_term_string}\"},\"query-input\":\"required name=search_term_string\"}],\"inLanguage\":\"es\"},{\"@type\":\"Person\",\"@id\":\"https:\/\/www.zapateriachis.com\/blog\/#\/schema\/person\/61c3f590b83dc3da52b32ad72fe1d054\",\"name\":\"zapateriachis\",\"image\":{\"@type\":\"ImageObject\",\"inLanguage\":\"es\",\"@id\":\"https:\/\/www.zapateriachis.com\/blog\/#\/schema\/person\/image\/\",\"url\":\"https:\/\/secure.gravatar.com\/avatar\/148060ab2023b805921979f369e0f38c?s=96&d=mm&r=g\",\"contentUrl\":\"https:\/\/secure.gravatar.com\/avatar\/148060ab2023b805921979f369e0f38c?s=96&d=mm&r=g\",\"caption\":\"zapateriachis\"},\"url\":\"https:\/\/www.zapateriachis.com\/blog\/author\/zapateriachis\/\"}]}<\/script>\n<!-- \/ Yoast SEO plugin. -->","yoast_head_json":{"title":"Si tu beb\u00e9 no duerme por la noche... \u00a1No te preocupes! - Zapateria Chis","robots":{"index":"index","follow":"follow","max-snippet":"max-snippet:-1","max-image-preview":"max-image-preview:large","max-video-preview":"max-video-preview:-1"},"canonical":"https:\/\/www.zapateriachis.com\/blog\/si-tu-bebe-no-duerme-por-la-noche-no-te-preocupes\/","og_locale":"es_ES","og_type":"article","og_title":"Si tu beb\u00e9 no duerme por la noche... \u00a1No te preocupes! - Zapateria Chis","og_description":"Un estudio no encuentra ninguna relaci\u00f3n entre la interrupci\u00f3n del sue\u00f1o nocturno entre los 6 y los 12 meses y problemas de desarrollo posteriores Escuchas l\u00e1grimas y gritos en medio&hellip;","og_url":"https:\/\/www.zapateriachis.com\/blog\/si-tu-bebe-no-duerme-por-la-noche-no-te-preocupes\/","og_site_name":"Zapateria Chis","article_publisher":"https:\/\/www.facebook.com\/zapatosbebes\/","article_published_time":"2018-11-14T19:33:19+00:00","og_image":[{"width":1200,"height":900,"url":"https:\/\/i0.wp.com\/www.zapateriachis.com\/blog\/wp-content\/uploads\/2018\/11\/beb\u00e9-no-duerme-por-la-noche.jpg?fit=1200%2C900&ssl=1","type":"image\/jpeg"}],"author":"zapateriachis","twitter_card":"summary_large_image","twitter_creator":"@calzadobebes","twitter_site":"@calzadobebes","twitter_misc":{"Escrito por":"zapateriachis","Tiempo de lectura":"3 minutos"},"schema":{"@context":"https:\/\/schema.org","@graph":[{"@type":"WebPage","@id":"https:\/\/www.zapateriachis.com\/blog\/si-tu-bebe-no-duerme-por-la-noche-no-te-preocupes\/","url":"https:\/\/www.zapateriachis.com\/blog\/si-tu-bebe-no-duerme-por-la-noche-no-te-preocupes\/","name":"Si tu beb\u00e9 no duerme por la noche... \u00a1No te preocupes! - Zapateria Chis","isPartOf":{"@id":"https:\/\/www.zapateriachis.com\/blog\/#website"},"primaryImageOfPage":{"@id":"https:\/\/www.zapateriachis.com\/blog\/si-tu-bebe-no-duerme-por-la-noche-no-te-preocupes\/#primaryimage"},"image":{"@id":"https:\/\/www.zapateriachis.com\/blog\/si-tu-bebe-no-duerme-por-la-noche-no-te-preocupes\/#primaryimage"},"thumbnailUrl":"https:\/\/i0.wp.com\/www.zapateriachis.com\/blog\/wp-content\/uploads\/2018\/11\/beb\u00e9-no-duerme-por-la-noche.jpg?fit=1200%2C900&ssl=1","datePublished":"2018-11-14T19:33:19+00:00","dateModified":"2018-11-14T19:33:19+00:00","author":{"@id":"https:\/\/www.zapateriachis.com\/blog\/#\/schema\/person\/61c3f590b83dc3da52b32ad72fe1d054"},"breadcrumb":{"@id":"https:\/\/www.zapateriachis.com\/blog\/si-tu-bebe-no-duerme-por-la-noche-no-te-preocupes\/#breadcrumb"},"inLanguage":"es","potentialAction":[{"@type":"ReadAction","target":["https:\/\/www.zapateriachis.com\/blog\/si-tu-bebe-no-duerme-por-la-noche-no-te-preocupes\/"]}]},{"@type":"ImageObject","inLanguage":"es","@id":"https:\/\/www.zapateriachis.com\/blog\/si-tu-bebe-no-duerme-por-la-noche-no-te-preocupes\/#primaryimage","url":"https:\/\/i0.wp.com\/www.zapateriachis.com\/blog\/wp-content\/uploads\/2018\/11\/beb\u00e9-no-duerme-por-la-noche.jpg?fit=1200%2C900&ssl=1","contentUrl":"https:\/\/i0.wp.com\/www.zapateriachis.com\/blog\/wp-content\/uploads\/2018\/11\/beb\u00e9-no-duerme-por-la-noche.jpg?fit=1200%2C900&ssl=1","width":1200,"height":900,"caption":"beb\u00e9 no duerme por la noche"},{"@type":"BreadcrumbList","@id":"https:\/\/www.zapateriachis.com\/blog\/si-tu-bebe-no-duerme-por-la-noche-no-te-preocupes\/#breadcrumb","itemListElement":[{"@type":"ListItem","position":1,"name":"Portada","item":"https:\/\/www.zapateriachis.com\/blog\/"},{"@type":"ListItem","position":2,"name":"Si tu beb\u00e9 no duerme por la noche&#8230; \u00a1No te preocupes!"}]},{"@type":"WebSite","@id":"https:\/\/www.zapateriachis.com\/blog\/#website","url":"https:\/\/www.zapateriachis.com\/blog\/","name":"Zapateria Chis","description":"Calzados para beb\u00e9s","potentialAction":[{"@type":"SearchAction","target":{"@type":"EntryPoint","urlTemplate":"https:\/\/www.zapateriachis.com\/blog\/?s={search_term_string}"},"query-input":"required name=search_term_string"}],"inLanguage":"es"},{"@type":"Person","@id":"https:\/\/www.zapateriachis.com\/blog\/#\/schema\/person\/61c3f590b83dc3da52b32ad72fe1d054","name":"zapateriachis","image":{"@type":"ImageObject","inLanguage":"es","@id":"https:\/\/www.zapateriachis.com\/blog\/#\/schema\/person\/image\/","url":"https:\/\/secure.gravatar.com\/avatar\/148060ab2023b805921979f369e0f38c?s=96&d=mm&r=g","contentUrl":"https:\/\/secure.gravatar.com\/avatar\/148060ab2023b805921979f369e0f38c?s=96&d=mm&r=g","caption":"zapateriachis"},"url":"https:\/\/www.zapateriachis.com\/blog\/author\/zapateriachis\/"}]}},"jetpack_featured_media_url":"https:\/\/i0.wp.com\/www.zapateriachis.com\/blog\/wp-content\/uploads\/2018\/11\/beb\u00e9-no-duerme-por-la-noche.jpg?fit=1200%2C900&ssl=1","jetpack_sharing_enabled":true,"jetpack_shortlink":"https:\/\/wp.me\/parlCB-2t","jetpack-related-posts":[],"_links":{"self":[{"href":"https:\/\/www.zapateriachis.com\/blog\/wp-json\/wp\/v2\/posts\/153"}],"collection":[{"href":"https:\/\/www.zapateriachis.com\/blog\/wp-json\/wp\/v2\/posts"}],"about":[{"href":"https:\/\/www.zapateriachis.com\/blog\/wp-json\/wp\/v2\/types\/post"}],"author":[{"embeddable":true,"href":"https:\/\/www.zapateriachis.com\/blog\/wp-json\/wp\/v2\/users\/1"}],"replies":[{"embeddable":true,"href":"https:\/\/www.zapateriachis.com\/blog\/wp-json\/wp\/v2\/comments?post=153"}],"version-history":[{"count":1,"href":"https:\/\/www.zapateriachis.com\/blog\/wp-json\/wp\/v2\/posts\/153\/revisions"}],"predecessor-version":[{"id":155,"href":"https:\/\/www.zapateriachis.com\/blog\/wp-json\/wp\/v2\/posts\/153\/revisions\/155"}],"wp:featuredmedia":[{"embeddable":true,"href":"https:\/\/www.zapateriachis.com\/blog\/wp-json\/wp\/v2\/media\/154"}],"wp:attachment":[{"href":"https:\/\/www.zapateriachis.com\/blog\/wp-json\/wp\/v2\/media?parent=153"}],"wp:term":[{"taxonomy":"category","embeddable":true,"href":"https:\/\/www.zapateriachis.com\/blog\/wp-json\/wp\/v2\/categories?post=153"},{"taxonomy":"post_tag","embeddable":true,"href":"https:\/\/www.zapateriachis.com\/blog\/wp-json\/wp\/v2\/tags?post=153"}],"curies":[{"name":"wp","href":"https:\/\/api.w.org\/{rel}","templated":true}]}}