{"id":1048,"date":"2022-04-14T05:49:02","date_gmt":"2022-04-14T05:49:02","guid":{"rendered":"https:\/\/www.zapateriachis.com\/blog\/?p=1048"},"modified":"2022-04-14T05:49:07","modified_gmt":"2022-04-14T05:49:07","slug":"se-casaron-a-los-96-y-100-anos-en-un-asilo","status":"publish","type":"post","link":"https:\/\/www.zapateriachis.com\/blog\/se-casaron-a-los-96-y-100-anos-en-un-asilo\/","title":{"rendered":"Se casaron a los 96 y 100 a\u00f1os en un asilo"},"content":{"rendered":"\n<p>No siempre el amor de tu vida lo encuentras a temprana edad. Algunas personas se casan a los 20, 30, 40 a\u00f1os con el amor de su vida. Sin embargo, en esta ocasi\u00f3n, te contamos el caso de un historia real de dos abuelitos de 96 a\u00f1os y 100 a\u00f1os que a su edad se enamoraron y casaron en un asilo. Esta historia de amor ha cautivado a muchas personas y se ha hecho viral<\/p>\n<p>Se trata Branca, una mujer de 96 a\u00f1os y Marcelino, de 100 a\u00f1os, ambos viven en una casa hogar de ancianos en Sao Paulo, Brasil, lugar donde jam\u00e1s imaginaron encontrar el amor verdadero a esa edad.<\/p>\n<p>Ambos se conocieron en un asilo para ancianos, motivo por el cual, decidieron celebrar su uni\u00f3n en ese lugar donde se conocieron por primera vez.<\/p>\n<p>Marcelino de 100 a\u00f1os, es un ingeniero retirado que coment\u00f3 estar muy enamorado como si fuera un jovencito. \u00c9l asegura que fue amor a primera vista.<br \/>Por su parte Branca, confes\u00f3 que cuando vio a Marcelino supo que era el indicado desde el primer momento en que lo vi\u00f3: \u201c\u00a1Me gusta todo! \u00a1Todo! \u00c9l es un amor, un dulce\u201d, fue lo que coment\u00f3.<\/p>\n<p><img loading=\"lazy\" decoding=\"async\" data-attachment-id=\"1050\" data-permalink=\"https:\/\/www.zapateriachis.com\/blog\/se-casaron-a-los-96-y-100-anos-en-un-asilo\/se-casaron-a-los-96-y-100-anos-en-un-asilo-2\/\" data-orig-file=\"https:\/\/i0.wp.com\/www.zapateriachis.com\/blog\/wp-content\/uploads\/2022\/04\/Se-casaron-a-los-96-y-100-anos-en-un-asilo-2.webp?fit=788%2C444&amp;ssl=1\" data-orig-size=\"788,444\" data-comments-opened=\"1\" data-image-meta=\"{&quot;aperture&quot;:&quot;0&quot;,&quot;credit&quot;:&quot;&quot;,&quot;camera&quot;:&quot;&quot;,&quot;caption&quot;:&quot;&quot;,&quot;created_timestamp&quot;:&quot;0&quot;,&quot;copyright&quot;:&quot;&quot;,&quot;focal_length&quot;:&quot;0&quot;,&quot;iso&quot;:&quot;0&quot;,&quot;shutter_speed&quot;:&quot;0&quot;,&quot;title&quot;:&quot;&quot;,&quot;orientation&quot;:&quot;0&quot;}\" data-image-title=\"Se casaron a los 96 y 100 a\u00f1os en un asilo 2\" data-image-description=\"\" data-image-caption=\"\" data-medium-file=\"https:\/\/i0.wp.com\/www.zapateriachis.com\/blog\/wp-content\/uploads\/2022\/04\/Se-casaron-a-los-96-y-100-anos-en-un-asilo-2.webp?fit=300%2C169&amp;ssl=1\" data-large-file=\"https:\/\/i0.wp.com\/www.zapateriachis.com\/blog\/wp-content\/uploads\/2022\/04\/Se-casaron-a-los-96-y-100-anos-en-un-asilo-2.webp?fit=779%2C439&amp;ssl=1\" class=\"aligncenter size-full wp-image-1050\" src=\"https:\/\/i0.wp.com\/www.zapateriachis.com\/blog\/wp-content\/uploads\/2022\/04\/Se-casaron-a-los-96-y-100-anos-en-un-asilo-2.webp?resize=779%2C439\" alt=\"Se casaron a los 96 y 100 a\u00f1os en un asilo\" width=\"779\" height=\"439\" srcset=\"https:\/\/i0.wp.com\/www.zapateriachis.com\/blog\/wp-content\/uploads\/2022\/04\/Se-casaron-a-los-96-y-100-anos-en-un-asilo-2.webp?w=788&amp;ssl=1 788w, https:\/\/i0.wp.com\/www.zapateriachis.com\/blog\/wp-content\/uploads\/2022\/04\/Se-casaron-a-los-96-y-100-anos-en-un-asilo-2.webp?resize=300%2C169&amp;ssl=1 300w, https:\/\/i0.wp.com\/www.zapateriachis.com\/blog\/wp-content\/uploads\/2022\/04\/Se-casaron-a-los-96-y-100-anos-en-un-asilo-2.webp?resize=768%2C433&amp;ssl=1 768w\" sizes=\"(max-width: 779px) 100vw, 779px\" data-recalc-dims=\"1\" \/><\/p>\n<p>Mientras se daba la ceremonia, a Marcelino se le presentaron problemas con su voz, producto de un malestar que tiene en la garganta. Pero, esto no le impidi\u00f3 declarar el amor a su futura esposa.<\/p>\n<p>Branca acudi\u00f3 con un hermoso vestido blanco para encontrarse con su futuro esposo. Ella confes\u00f3 que estuvo muy nerviosa previamente a la ceremonia, pensando que tal vez su futuro esposo se niege o simplemente que todo era una ilusi\u00f3n.<\/p>\n<p>De igual forma, Marcelino tuvo miedos similares a los de Branca. Sin embargo, la boda se llev\u00f3 a cabo sin ning\u00fan problema en la casa hogar de ancianos. Un pastor fue el que hizo la ceremonia, dese\u00e1ndoles que nada los separe.<\/p>\n<p><img loading=\"lazy\" decoding=\"async\" data-attachment-id=\"1051\" data-permalink=\"https:\/\/www.zapateriachis.com\/blog\/se-casaron-a-los-96-y-100-anos-en-un-asilo\/se-casaron-a-los-96-y-100-anos-en-un-asilo-3\/\" data-orig-file=\"https:\/\/i0.wp.com\/www.zapateriachis.com\/blog\/wp-content\/uploads\/2022\/04\/Se-casaron-a-los-96-y-100-anos-en-un-asilo-3.jpeg?fit=375%2C211&amp;ssl=1\" data-orig-size=\"375,211\" data-comments-opened=\"1\" data-image-meta=\"{&quot;aperture&quot;:&quot;0&quot;,&quot;credit&quot;:&quot;&quot;,&quot;camera&quot;:&quot;&quot;,&quot;caption&quot;:&quot;&quot;,&quot;created_timestamp&quot;:&quot;0&quot;,&quot;copyright&quot;:&quot;&quot;,&quot;focal_length&quot;:&quot;0&quot;,&quot;iso&quot;:&quot;0&quot;,&quot;shutter_speed&quot;:&quot;0&quot;,&quot;title&quot;:&quot;&quot;,&quot;orientation&quot;:&quot;0&quot;}\" data-image-title=\"Se casaron a los 96 y 100 a\u00f1os en un asilo 3\" data-image-description=\"\" data-image-caption=\"\" data-medium-file=\"https:\/\/i0.wp.com\/www.zapateriachis.com\/blog\/wp-content\/uploads\/2022\/04\/Se-casaron-a-los-96-y-100-anos-en-un-asilo-3.jpeg?fit=300%2C169&amp;ssl=1\" data-large-file=\"https:\/\/i0.wp.com\/www.zapateriachis.com\/blog\/wp-content\/uploads\/2022\/04\/Se-casaron-a-los-96-y-100-anos-en-un-asilo-3.jpeg?fit=375%2C211&amp;ssl=1\" class=\"aligncenter size-full wp-image-1051\" src=\"https:\/\/i0.wp.com\/www.zapateriachis.com\/blog\/wp-content\/uploads\/2022\/04\/Se-casaron-a-los-96-y-100-anos-en-un-asilo-3.jpeg?resize=375%2C211\" alt=\"Se casaron a los 96 y 100 a\u00f1os en un asilo\" width=\"375\" height=\"211\" srcset=\"https:\/\/i0.wp.com\/www.zapateriachis.com\/blog\/wp-content\/uploads\/2022\/04\/Se-casaron-a-los-96-y-100-anos-en-un-asilo-3.jpeg?w=375&amp;ssl=1 375w, https:\/\/i0.wp.com\/www.zapateriachis.com\/blog\/wp-content\/uploads\/2022\/04\/Se-casaron-a-los-96-y-100-anos-en-un-asilo-3.jpeg?resize=300%2C169&amp;ssl=1 300w\" sizes=\"(max-width: 375px) 100vw, 375px\" data-recalc-dims=\"1\" \/><\/p>\n<p>Tanto Marcelino como Branca se mostraron muy felices celebrando su matrimonio. Con sus manos entrelazadas y sus rostros llenos de alegr\u00eda nos dieron una importante lecci\u00f3n: el amor no tiene edad y si no pierdes la fe, siempre llegar\u00e1 la persona indicada para ti.<\/p>\n<p><img loading=\"lazy\" decoding=\"async\" data-attachment-id=\"1052\" data-permalink=\"https:\/\/www.zapateriachis.com\/blog\/se-casaron-a-los-96-y-100-anos-en-un-asilo\/se-casaron-a-los-96-y-100-anos-en-un-asilo-5\/\" data-orig-file=\"https:\/\/i0.wp.com\/www.zapateriachis.com\/blog\/wp-content\/uploads\/2022\/04\/Se-casaron-a-los-96-y-100-anos-en-un-asilo-5.jpg?fit=728%2C379&amp;ssl=1\" data-orig-size=\"728,379\" data-comments-opened=\"1\" data-image-meta=\"{&quot;aperture&quot;:&quot;0&quot;,&quot;credit&quot;:&quot;&quot;,&quot;camera&quot;:&quot;&quot;,&quot;caption&quot;:&quot;&quot;,&quot;created_timestamp&quot;:&quot;0&quot;,&quot;copyright&quot;:&quot;&quot;,&quot;focal_length&quot;:&quot;0&quot;,&quot;iso&quot;:&quot;0&quot;,&quot;shutter_speed&quot;:&quot;0&quot;,&quot;title&quot;:&quot;&quot;,&quot;orientation&quot;:&quot;1&quot;}\" data-image-title=\"Se casaron a los 96 y 100 a\u00f1os en un asilo 5\" data-image-description=\"\" data-image-caption=\"\" data-medium-file=\"https:\/\/i0.wp.com\/www.zapateriachis.com\/blog\/wp-content\/uploads\/2022\/04\/Se-casaron-a-los-96-y-100-anos-en-un-asilo-5.jpg?fit=300%2C156&amp;ssl=1\" data-large-file=\"https:\/\/i0.wp.com\/www.zapateriachis.com\/blog\/wp-content\/uploads\/2022\/04\/Se-casaron-a-los-96-y-100-anos-en-un-asilo-5.jpg?fit=728%2C379&amp;ssl=1\" class=\"aligncenter size-full wp-image-1052\" src=\"https:\/\/i0.wp.com\/www.zapateriachis.com\/blog\/wp-content\/uploads\/2022\/04\/Se-casaron-a-los-96-y-100-anos-en-un-asilo-5.jpg?resize=728%2C379\" alt=\"Se casaron a los 96 y 100 a\u00f1os en un asilo\" width=\"728\" height=\"379\" srcset=\"https:\/\/i0.wp.com\/www.zapateriachis.com\/blog\/wp-content\/uploads\/2022\/04\/Se-casaron-a-los-96-y-100-anos-en-un-asilo-5.jpg?w=728&amp;ssl=1 728w, https:\/\/i0.wp.com\/www.zapateriachis.com\/blog\/wp-content\/uploads\/2022\/04\/Se-casaron-a-los-96-y-100-anos-en-un-asilo-5.jpg?resize=300%2C156&amp;ssl=1 300w\" sizes=\"(max-width: 728px) 100vw, 728px\" data-recalc-dims=\"1\" \/><\/p>\n<p>Todo fue maravilloso durante la boda, la pareja estuvo muy feliz y disfrutando el momento, tal cual se refleja en las bellas fotograf\u00edas de ese momento, esta noticia se volvi\u00f3 viral y un s\u00edmbolo que nunca es tarde para enamorarse y conocer al amor de tu vida.<\/p>\n<p><img loading=\"lazy\" decoding=\"async\" data-attachment-id=\"1053\" data-permalink=\"https:\/\/www.zapateriachis.com\/blog\/se-casaron-a-los-96-y-100-anos-en-un-asilo\/se-casaron-a-los-96-y-100-anos-en-un-asilo-6\/\" data-orig-file=\"https:\/\/i0.wp.com\/www.zapateriachis.com\/blog\/wp-content\/uploads\/2022\/04\/Se-casaron-a-los-96-y-100-anos-en-un-asilo-6.jpg?fit=420%2C190&amp;ssl=1\" data-orig-size=\"420,190\" data-comments-opened=\"1\" data-image-meta=\"{&quot;aperture&quot;:&quot;0&quot;,&quot;credit&quot;:&quot;&quot;,&quot;camera&quot;:&quot;&quot;,&quot;caption&quot;:&quot;&quot;,&quot;created_timestamp&quot;:&quot;0&quot;,&quot;copyright&quot;:&quot;&quot;,&quot;focal_length&quot;:&quot;0&quot;,&quot;iso&quot;:&quot;0&quot;,&quot;shutter_speed&quot;:&quot;0&quot;,&quot;title&quot;:&quot;&quot;,&quot;orientation&quot;:&quot;0&quot;}\" data-image-title=\"Se casaron a los 96 y 100 a\u00f1os en un asilo 6\" data-image-description=\"\" data-image-caption=\"\" data-medium-file=\"https:\/\/i0.wp.com\/www.zapateriachis.com\/blog\/wp-content\/uploads\/2022\/04\/Se-casaron-a-los-96-y-100-anos-en-un-asilo-6.jpg?fit=300%2C136&amp;ssl=1\" data-large-file=\"https:\/\/i0.wp.com\/www.zapateriachis.com\/blog\/wp-content\/uploads\/2022\/04\/Se-casaron-a-los-96-y-100-anos-en-un-asilo-6.jpg?fit=420%2C190&amp;ssl=1\" class=\"aligncenter size-full wp-image-1053\" src=\"https:\/\/i0.wp.com\/www.zapateriachis.com\/blog\/wp-content\/uploads\/2022\/04\/Se-casaron-a-los-96-y-100-anos-en-un-asilo-6.jpg?resize=420%2C190\" alt=\"Se casaron a los 96 y 100 a\u00f1os en un asilo\" width=\"420\" height=\"190\" srcset=\"https:\/\/i0.wp.com\/www.zapateriachis.com\/blog\/wp-content\/uploads\/2022\/04\/Se-casaron-a-los-96-y-100-anos-en-un-asilo-6.jpg?w=420&amp;ssl=1 420w, https:\/\/i0.wp.com\/www.zapateriachis.com\/blog\/wp-content\/uploads\/2022\/04\/Se-casaron-a-los-96-y-100-anos-en-un-asilo-6.jpg?resize=300%2C136&amp;ssl=1 300w\" sizes=\"(max-width: 420px) 100vw, 420px\" data-recalc-dims=\"1\" \/><\/p>\n<p>Com\u00e9ntanos \u00bfQu\u00e9 te pareci\u00f3 la historia de Marcelino y Branca?<\/p>\n<!-- Begin Yuzo --><div class='yuzo_related_post style-1'  data-version='5.12.82'><!-- without result --><div class='yuzo_clearfixed yuzo__title yuzo__title'><h3>Relacionados<\/h3><\/div>\n\t\t\t\t\t\t  <div class=\"relatedthumb \" style=\"width:125px;float:left;overflow:hidden;\">  \n\t\t\t\t\t\t\t  \n\t\t\t\t\t\t\t  <a  href=\"https:\/\/www.zapateriachis.com\/blog\/hijo-convirtio-su-sotano-en-un-hogar-para-cuidar-de-sus-padres\/\"  >\n\t\t\t\t\t\t\t\t\t  <div class=\"yuzo-img-wrap \" style=\"width: 125px;height:90px;\">\n\t\t\t\t\t\t\t\t\t\t\n\t\t\t\t\t\t\t\t\t\t<div class=\"yuzo-img\" style=\"background:url('https:\/\/i0.wp.com\/www.zapateriachis.com\/blog\/wp-content\/uploads\/2022\/04\/Hijo-transformo-su-sotano-en-un-hogar-para-sus-padres.jpg?resize=150%2C150&ssl=1') 50% 50% no-repeat;width: 125px;height:90px;margin-bottom: 5px;background-size: cover; \"><\/div>\n\t\t\t\t\t\t\t\t\t  <\/div>\n\t\t\t\t\t\t\t\t\t  \n\t\t\t\t\t\t\t\t   <span class=\"yuzo__text--title\" style=\"font-size:13px;\">Hijo convirti\u00f3 su s\u00f3tano en un hogar para cuidar d...<\/span>\n\t\t\t\t\t\t\t  \n\t\t\t\t\t\t\t  \n\t\t\t\t\t\t\t  <\/a>\n\n\t\t\t\t\t\t  <\/div>\n\t\t\t\t\t\t  <div class=\"relatedthumb \" style=\"width:125px;float:left;overflow:hidden;\">  \n\t\t\t\t\t\t\t  \n\t\t\t\t\t\t\t  <a  href=\"https:\/\/www.zapateriachis.com\/blog\/los-10-errores-mas-comunes-de-madre-primeriza\/\"  >\n\t\t\t\t\t\t\t\t\t  <div class=\"yuzo-img-wrap \" style=\"width: 125px;height:90px;\">\n\t\t\t\t\t\t\t\t\t\t\n\t\t\t\t\t\t\t\t\t\t<div class=\"yuzo-img\" style=\"background:url('https:\/\/i0.wp.com\/www.zapateriachis.com\/blog\/wp-content\/uploads\/2018\/12\/errores-m\u00e1s-comunes-de-madre-primeriza.jpg?resize=150%2C150&ssl=1') 50% 50% no-repeat;width: 125px;height:90px;margin-bottom: 5px;background-size: cover; \"><\/div>\n\t\t\t\t\t\t\t\t\t  <\/div>\n\t\t\t\t\t\t\t\t\t  \n\t\t\t\t\t\t\t\t   <span class=\"yuzo__text--title\" style=\"font-size:13px;\">Los 10 errores m\u00e1s comunes de madre primeriza<\/span>\n\t\t\t\t\t\t\t  \n\t\t\t\t\t\t\t  \n\t\t\t\t\t\t\t  <\/a>\n\n\t\t\t\t\t\t  <\/div>\n\t\t\t\t\t\t  <div class=\"relatedthumb \" style=\"width:125px;float:left;overflow:hidden;\">  \n\t\t\t\t\t\t\t  \n\t\t\t\t\t\t\t  <a  href=\"https:\/\/www.zapateriachis.com\/blog\/medidas-para-evitar-la-propagacion-del-coronavirus-si-estas-enfermo-o-tienes-sintomas\/\"  >\n\t\t\t\t\t\t\t\t\t  <div class=\"yuzo-img-wrap \" style=\"width: 125px;height:90px;\">\n\t\t\t\t\t\t\t\t\t\t\n\t\t\t\t\t\t\t\t\t\t<div class=\"yuzo-img\" style=\"background:url('https:\/\/i0.wp.com\/www.zapateriachis.com\/blog\/wp-content\/uploads\/2020\/03\/Medidas-para-evitar-la-propagaci\u00f3n-del-Coronavirus-si-est\u00e1s-enfermo-o-tienes-s\u00edntomas-peru.jpg?resize=150%2C150&ssl=1') 50% 50% no-repeat;width: 125px;height:90px;margin-bottom: 5px;background-size: cover; \"><\/div>\n\t\t\t\t\t\t\t\t\t  <\/div>\n\t\t\t\t\t\t\t\t\t  \n\t\t\t\t\t\t\t\t   <span class=\"yuzo__text--title\" style=\"font-size:13px;\">Medidas para evitar la propagaci\u00f3n del Coronavirus...<\/span>\n\t\t\t\t\t\t\t  \n\t\t\t\t\t\t\t  \n\t\t\t\t\t\t\t  <\/a>\n\n\t\t\t\t\t\t  <\/div>\n\t\t\t\t\t\t  <div class=\"relatedthumb \" style=\"width:125px;float:left;overflow:hidden;\">  \n\t\t\t\t\t\t\t  \n\t\t\t\t\t\t\t  <a  href=\"https:\/\/www.zapateriachis.com\/blog\/mujer-se-embaraza-a-los-51-anos-de-su-septimo-hijo-y-es-criticada-en-redes-sociales\/\"  >\n\t\t\t\t\t\t\t\t\t  <div class=\"yuzo-img-wrap \" style=\"width: 125px;height:90px;\">\n\t\t\t\t\t\t\t\t\t\t\n\t\t\t\t\t\t\t\t\t\t<div class=\"yuzo-img\" style=\"background:url('https:\/\/i0.wp.com\/www.zapateriachis.com\/blog\/wp-content\/uploads\/2022\/04\/Mujer-se-embaraza-a-los-51-anos-de-su-septimo-hijo-y-es-criticada-en-redes-sociales.jpg?resize=150%2C150&ssl=1') 50% 50% no-repeat;width: 125px;height:90px;margin-bottom: 5px;background-size: cover; \"><\/div>\n\t\t\t\t\t\t\t\t\t  <\/div>\n\t\t\t\t\t\t\t\t\t  \n\t\t\t\t\t\t\t\t   <span class=\"yuzo__text--title\" style=\"font-size:13px;\">Mujer se embaraza a los 51 a\u00f1os de su s\u00e9ptimo hijo...<\/span>\n\t\t\t\t\t\t\t  \n\t\t\t\t\t\t\t  \n\t\t\t\t\t\t\t  <\/a>\n\n\t\t\t\t\t\t  <\/div>\n<\/div> <style>\n\t\t\t\t\t\t\t\t.yuzo_related_post img{width:120px !important; height:110px !important;}\n\t\t\t\t\t\t\t\t.yuzo_related_post .relatedthumb{line-height:15px;background: !important;color:!important;}\n\t\t\t\t\t\t\t\t.yuzo_related_post .relatedthumb:hover{background:#fcfcf4 !important; -webkit-transition: background 0.2s linear; -moz-transition: background 0.2s linear; -o-transition: background 0.2s linear; transition: background 0.2s linear;;color:!important;}\n\t\t\t\t\t\t\t\t.yuzo_related_post .relatedthumb a{color:!important;}\n\t\t\t\t\t\t\t\t.yuzo_related_post .relatedthumb a:hover{ color:}!important;}\n\t\t\t\t\t\t\t\t.yuzo_related_post .relatedthumb:hover a{ color:!important;}\n\t\t\t\t\t\t\t\t.yuzo_related_post .yuzo_text {color:!important;}\n\t\t\t\t\t\t\t\t.yuzo_related_post .relatedthumb:hover .yuzo_text {color:!important;}\n\t\t\t\t\t\t\t\t.yuzo_related_post .relatedthumb{  margin: 0px  0px  0px  0px;   padding: 5px  5px  5px  5px;  }\n\t\t\t\t\t\t\t\t\n\t\t\t\t\t\t\t\t<\/style> <script>\n\t\t\t\t\t\t  jQuery(document).ready(function( $ ){\n\t\t\t\t\t\t\t\/\/jQuery('.yuzo_related_post').equalizer({ overflow : 'relatedthumb' });\n\t\t\t\t\t\t\tjQuery('.yuzo_related_post .yuzo_wraps').equalizer({ columns : '> div' });\n\t\t\t\t\t\t   })\n\t\t\t\t\t\t  <\/script> <!-- End Yuzo :) -->","protected":false},"excerpt":{"rendered":"<p>No siempre el amor de tu vida lo encuentras a temprana edad. Algunas personas se casan a los 20, 30, 40 a\u00f1os con el amor de su vida. Sin embargo,&hellip; <\/p>\n","protected":false},"author":1,"featured_media":1049,"comment_status":"open","ping_status":"open","sticky":false,"template":"","format":"standard","meta":{"jetpack_post_was_ever_published":false,"_jetpack_newsletter_access":"","_jetpack_dont_email_post_to_subs":false,"_jetpack_newsletter_tier_id":0,"_jetpack_memberships_contains_paywalled_content":false,"_jetpack_memberships_contains_paid_content":false,"footnotes":""},"categories":[176,242,7],"tags":[250],"yoast_head":"<!-- This site is optimized with the Yoast SEO plugin v22.7 - https:\/\/yoast.com\/wordpress\/plugins\/seo\/ -->\n<title>Se casaron a los 96 y 100 a\u00f1os en un asilo - Zapateria Chis<\/title>\n<meta name=\"robots\" content=\"index, follow, max-snippet:-1, max-image-preview:large, max-video-preview:-1\" \/>\n<link rel=\"canonical\" href=\"https:\/\/www.zapateriachis.com\/blog\/se-casaron-a-los-96-y-100-anos-en-un-asilo\/\" \/>\n<meta property=\"og:locale\" content=\"es_ES\" \/>\n<meta property=\"og:type\" content=\"article\" \/>\n<meta property=\"og:title\" content=\"Se casaron a los 96 y 100 a\u00f1os en un asilo - Zapateria Chis\" \/>\n<meta property=\"og:description\" content=\"No siempre el amor de tu vida lo encuentras a temprana edad. Algunas personas se casan a los 20, 30, 40 a\u00f1os con el amor de su vida. Sin embargo,&hellip;\" \/>\n<meta property=\"og:url\" content=\"https:\/\/www.zapateriachis.com\/blog\/se-casaron-a-los-96-y-100-anos-en-un-asilo\/\" \/>\n<meta property=\"og:site_name\" content=\"Zapateria Chis\" \/>\n<meta property=\"article:publisher\" content=\"https:\/\/www.facebook.com\/zapatosbebes\/\" \/>\n<meta property=\"article:published_time\" content=\"2022-04-14T05:49:02+00:00\" \/>\n<meta property=\"article:modified_time\" content=\"2022-04-14T05:49:07+00:00\" \/>\n<meta property=\"og:image\" content=\"https:\/\/i0.wp.com\/www.zapateriachis.com\/blog\/wp-content\/uploads\/2022\/04\/Se-casaron-a-los-96-y-100-anos-en-un-asilo.jpg?fit=880%2C459&ssl=1\" \/>\n\t<meta property=\"og:image:width\" content=\"880\" \/>\n\t<meta property=\"og:image:height\" content=\"459\" \/>\n\t<meta property=\"og:image:type\" content=\"image\/jpeg\" \/>\n<meta name=\"author\" content=\"zapateriachis\" \/>\n<meta name=\"twitter:card\" content=\"summary_large_image\" \/>\n<meta name=\"twitter:creator\" content=\"@calzadobebes\" \/>\n<meta name=\"twitter:site\" content=\"@calzadobebes\" \/>\n<meta name=\"twitter:label1\" content=\"Escrito por\" \/>\n\t<meta name=\"twitter:data1\" content=\"zapateriachis\" \/>\n\t<meta name=\"twitter:label2\" content=\"Tiempo de lectura\" \/>\n\t<meta name=\"twitter:data2\" content=\"3 minutos\" \/>\n<script type=\"application\/ld+json\" class=\"yoast-schema-graph\">{\"@context\":\"https:\/\/schema.org\",\"@graph\":[{\"@type\":\"WebPage\",\"@id\":\"https:\/\/www.zapateriachis.com\/blog\/se-casaron-a-los-96-y-100-anos-en-un-asilo\/\",\"url\":\"https:\/\/www.zapateriachis.com\/blog\/se-casaron-a-los-96-y-100-anos-en-un-asilo\/\",\"name\":\"Se casaron a los 96 y 100 a\u00f1os en un asilo - Zapateria Chis\",\"isPartOf\":{\"@id\":\"https:\/\/www.zapateriachis.com\/blog\/#website\"},\"primaryImageOfPage\":{\"@id\":\"https:\/\/www.zapateriachis.com\/blog\/se-casaron-a-los-96-y-100-anos-en-un-asilo\/#primaryimage\"},\"image\":{\"@id\":\"https:\/\/www.zapateriachis.com\/blog\/se-casaron-a-los-96-y-100-anos-en-un-asilo\/#primaryimage\"},\"thumbnailUrl\":\"https:\/\/i0.wp.com\/www.zapateriachis.com\/blog\/wp-content\/uploads\/2022\/04\/Se-casaron-a-los-96-y-100-anos-en-un-asilo.jpg?fit=880%2C459&ssl=1\",\"datePublished\":\"2022-04-14T05:49:02+00:00\",\"dateModified\":\"2022-04-14T05:49:07+00:00\",\"author\":{\"@id\":\"https:\/\/www.zapateriachis.com\/blog\/#\/schema\/person\/61c3f590b83dc3da52b32ad72fe1d054\"},\"breadcrumb\":{\"@id\":\"https:\/\/www.zapateriachis.com\/blog\/se-casaron-a-los-96-y-100-anos-en-un-asilo\/#breadcrumb\"},\"inLanguage\":\"es\",\"potentialAction\":[{\"@type\":\"ReadAction\",\"target\":[\"https:\/\/www.zapateriachis.com\/blog\/se-casaron-a-los-96-y-100-anos-en-un-asilo\/\"]}]},{\"@type\":\"ImageObject\",\"inLanguage\":\"es\",\"@id\":\"https:\/\/www.zapateriachis.com\/blog\/se-casaron-a-los-96-y-100-anos-en-un-asilo\/#primaryimage\",\"url\":\"https:\/\/i0.wp.com\/www.zapateriachis.com\/blog\/wp-content\/uploads\/2022\/04\/Se-casaron-a-los-96-y-100-anos-en-un-asilo.jpg?fit=880%2C459&ssl=1\",\"contentUrl\":\"https:\/\/i0.wp.com\/www.zapateriachis.com\/blog\/wp-content\/uploads\/2022\/04\/Se-casaron-a-los-96-y-100-anos-en-un-asilo.jpg?fit=880%2C459&ssl=1\",\"width\":880,\"height\":459,\"caption\":\"Se casaron a los 96 y 100 a\u00f1os en un asilo\"},{\"@type\":\"BreadcrumbList\",\"@id\":\"https:\/\/www.zapateriachis.com\/blog\/se-casaron-a-los-96-y-100-anos-en-un-asilo\/#breadcrumb\",\"itemListElement\":[{\"@type\":\"ListItem\",\"position\":1,\"name\":\"Portada\",\"item\":\"https:\/\/www.zapateriachis.com\/blog\/\"},{\"@type\":\"ListItem\",\"position\":2,\"name\":\"Se casaron a los 96 y 100 a\u00f1os en un asilo\"}]},{\"@type\":\"WebSite\",\"@id\":\"https:\/\/www.zapateriachis.com\/blog\/#website\",\"url\":\"https:\/\/www.zapateriachis.com\/blog\/\",\"name\":\"Zapateria Chis\",\"description\":\"Calzados para beb\u00e9s\",\"potentialAction\":[{\"@type\":\"SearchAction\",\"target\":{\"@type\":\"EntryPoint\",\"urlTemplate\":\"https:\/\/www.zapateriachis.com\/blog\/?s={search_term_string}\"},\"query-input\":\"required name=search_term_string\"}],\"inLanguage\":\"es\"},{\"@type\":\"Person\",\"@id\":\"https:\/\/www.zapateriachis.com\/blog\/#\/schema\/person\/61c3f590b83dc3da52b32ad72fe1d054\",\"name\":\"zapateriachis\",\"image\":{\"@type\":\"ImageObject\",\"inLanguage\":\"es\",\"@id\":\"https:\/\/www.zapateriachis.com\/blog\/#\/schema\/person\/image\/\",\"url\":\"https:\/\/secure.gravatar.com\/avatar\/148060ab2023b805921979f369e0f38c?s=96&d=mm&r=g\",\"contentUrl\":\"https:\/\/secure.gravatar.com\/avatar\/148060ab2023b805921979f369e0f38c?s=96&d=mm&r=g\",\"caption\":\"zapateriachis\"},\"url\":\"https:\/\/www.zapateriachis.com\/blog\/author\/zapateriachis\/\"}]}<\/script>\n<!-- \/ Yoast SEO plugin. -->","yoast_head_json":{"title":"Se casaron a los 96 y 100 a\u00f1os en un asilo - Zapateria Chis","robots":{"index":"index","follow":"follow","max-snippet":"max-snippet:-1","max-image-preview":"max-image-preview:large","max-video-preview":"max-video-preview:-1"},"canonical":"https:\/\/www.zapateriachis.com\/blog\/se-casaron-a-los-96-y-100-anos-en-un-asilo\/","og_locale":"es_ES","og_type":"article","og_title":"Se casaron a los 96 y 100 a\u00f1os en un asilo - Zapateria Chis","og_description":"No siempre el amor de tu vida lo encuentras a temprana edad. Algunas personas se casan a los 20, 30, 40 a\u00f1os con el amor de su vida. Sin embargo,&hellip;","og_url":"https:\/\/www.zapateriachis.com\/blog\/se-casaron-a-los-96-y-100-anos-en-un-asilo\/","og_site_name":"Zapateria Chis","article_publisher":"https:\/\/www.facebook.com\/zapatosbebes\/","article_published_time":"2022-04-14T05:49:02+00:00","article_modified_time":"2022-04-14T05:49:07+00:00","og_image":[{"width":880,"height":459,"url":"https:\/\/i0.wp.com\/www.zapateriachis.com\/blog\/wp-content\/uploads\/2022\/04\/Se-casaron-a-los-96-y-100-anos-en-un-asilo.jpg?fit=880%2C459&ssl=1","type":"image\/jpeg"}],"author":"zapateriachis","twitter_card":"summary_large_image","twitter_creator":"@calzadobebes","twitter_site":"@calzadobebes","twitter_misc":{"Escrito por":"zapateriachis","Tiempo de lectura":"3 minutos"},"schema":{"@context":"https:\/\/schema.org","@graph":[{"@type":"WebPage","@id":"https:\/\/www.zapateriachis.com\/blog\/se-casaron-a-los-96-y-100-anos-en-un-asilo\/","url":"https:\/\/www.zapateriachis.com\/blog\/se-casaron-a-los-96-y-100-anos-en-un-asilo\/","name":"Se casaron a los 96 y 100 a\u00f1os en un asilo - Zapateria Chis","isPartOf":{"@id":"https:\/\/www.zapateriachis.com\/blog\/#website"},"primaryImageOfPage":{"@id":"https:\/\/www.zapateriachis.com\/blog\/se-casaron-a-los-96-y-100-anos-en-un-asilo\/#primaryimage"},"image":{"@id":"https:\/\/www.zapateriachis.com\/blog\/se-casaron-a-los-96-y-100-anos-en-un-asilo\/#primaryimage"},"thumbnailUrl":"https:\/\/i0.wp.com\/www.zapateriachis.com\/blog\/wp-content\/uploads\/2022\/04\/Se-casaron-a-los-96-y-100-anos-en-un-asilo.jpg?fit=880%2C459&ssl=1","datePublished":"2022-04-14T05:49:02+00:00","dateModified":"2022-04-14T05:49:07+00:00","author":{"@id":"https:\/\/www.zapateriachis.com\/blog\/#\/schema\/person\/61c3f590b83dc3da52b32ad72fe1d054"},"breadcrumb":{"@id":"https:\/\/www.zapateriachis.com\/blog\/se-casaron-a-los-96-y-100-anos-en-un-asilo\/#breadcrumb"},"inLanguage":"es","potentialAction":[{"@type":"ReadAction","target":["https:\/\/www.zapateriachis.com\/blog\/se-casaron-a-los-96-y-100-anos-en-un-asilo\/"]}]},{"@type":"ImageObject","inLanguage":"es","@id":"https:\/\/www.zapateriachis.com\/blog\/se-casaron-a-los-96-y-100-anos-en-un-asilo\/#primaryimage","url":"https:\/\/i0.wp.com\/www.zapateriachis.com\/blog\/wp-content\/uploads\/2022\/04\/Se-casaron-a-los-96-y-100-anos-en-un-asilo.jpg?fit=880%2C459&ssl=1","contentUrl":"https:\/\/i0.wp.com\/www.zapateriachis.com\/blog\/wp-content\/uploads\/2022\/04\/Se-casaron-a-los-96-y-100-anos-en-un-asilo.jpg?fit=880%2C459&ssl=1","width":880,"height":459,"caption":"Se casaron a los 96 y 100 a\u00f1os en un asilo"},{"@type":"BreadcrumbList","@id":"https:\/\/www.zapateriachis.com\/blog\/se-casaron-a-los-96-y-100-anos-en-un-asilo\/#breadcrumb","itemListElement":[{"@type":"ListItem","position":1,"name":"Portada","item":"https:\/\/www.zapateriachis.com\/blog\/"},{"@type":"ListItem","position":2,"name":"Se casaron a los 96 y 100 a\u00f1os en un asilo"}]},{"@type":"WebSite","@id":"https:\/\/www.zapateriachis.com\/blog\/#website","url":"https:\/\/www.zapateriachis.com\/blog\/","name":"Zapateria Chis","description":"Calzados para beb\u00e9s","potentialAction":[{"@type":"SearchAction","target":{"@type":"EntryPoint","urlTemplate":"https:\/\/www.zapateriachis.com\/blog\/?s={search_term_string}"},"query-input":"required name=search_term_string"}],"inLanguage":"es"},{"@type":"Person","@id":"https:\/\/www.zapateriachis.com\/blog\/#\/schema\/person\/61c3f590b83dc3da52b32ad72fe1d054","name":"zapateriachis","image":{"@type":"ImageObject","inLanguage":"es","@id":"https:\/\/www.zapateriachis.com\/blog\/#\/schema\/person\/image\/","url":"https:\/\/secure.gravatar.com\/avatar\/148060ab2023b805921979f369e0f38c?s=96&d=mm&r=g","contentUrl":"https:\/\/secure.gravatar.com\/avatar\/148060ab2023b805921979f369e0f38c?s=96&d=mm&r=g","caption":"zapateriachis"},"url":"https:\/\/www.zapateriachis.com\/blog\/author\/zapateriachis\/"}]}},"jetpack_featured_media_url":"https:\/\/i0.wp.com\/www.zapateriachis.com\/blog\/wp-content\/uploads\/2022\/04\/Se-casaron-a-los-96-y-100-anos-en-un-asilo.jpg?fit=880%2C459&ssl=1","jetpack_sharing_enabled":true,"jetpack_shortlink":"https:\/\/wp.me\/parlCB-gU","jetpack-related-posts":[],"_links":{"self":[{"href":"https:\/\/www.zapateriachis.com\/blog\/wp-json\/wp\/v2\/posts\/1048"}],"collection":[{"href":"https:\/\/www.zapateriachis.com\/blog\/wp-json\/wp\/v2\/posts"}],"about":[{"href":"https:\/\/www.zapateriachis.com\/blog\/wp-json\/wp\/v2\/types\/post"}],"author":[{"embeddable":true,"href":"https:\/\/www.zapateriachis.com\/blog\/wp-json\/wp\/v2\/users\/1"}],"replies":[{"embeddable":true,"href":"https:\/\/www.zapateriachis.com\/blog\/wp-json\/wp\/v2\/comments?post=1048"}],"version-history":[{"count":1,"href":"https:\/\/www.zapateriachis.com\/blog\/wp-json\/wp\/v2\/posts\/1048\/revisions"}],"predecessor-version":[{"id":1054,"href":"https:\/\/www.zapateriachis.com\/blog\/wp-json\/wp\/v2\/posts\/1048\/revisions\/1054"}],"wp:featuredmedia":[{"embeddable":true,"href":"https:\/\/www.zapateriachis.com\/blog\/wp-json\/wp\/v2\/media\/1049"}],"wp:attachment":[{"href":"https:\/\/www.zapateriachis.com\/blog\/wp-json\/wp\/v2\/media?parent=1048"}],"wp:term":[{"taxonomy":"category","embeddable":true,"href":"https:\/\/www.zapateriachis.com\/blog\/wp-json\/wp\/v2\/categories?post=1048"},{"taxonomy":"post_tag","embeddable":true,"href":"https:\/\/www.zapateriachis.com\/blog\/wp-json\/wp\/v2\/tags?post=1048"}],"curies":[{"name":"wp","href":"https:\/\/api.w.org\/{rel}","templated":true}]}}