{"id":1036,"date":"2022-04-14T02:37:57","date_gmt":"2022-04-14T02:37:57","guid":{"rendered":"https:\/\/www.zapateriachis.com\/blog\/?p=1036"},"modified":"2022-04-14T02:38:02","modified_gmt":"2022-04-14T02:38:02","slug":"partieron-al-cielo-juntos-luego-de-75-anos-de-casados","status":"publish","type":"post","link":"https:\/\/www.zapateriachis.com\/blog\/partieron-al-cielo-juntos-luego-de-75-anos-de-casados\/","title":{"rendered":"Partieron al cielo juntos luego de 75 a\u00f1os de casados"},"content":{"rendered":"\n<p>Jeanette y Alexander Toczko eran una pareja de ancianos de 96 y 95 a\u00f1os juntos, que iban a cumplir 75 a\u00f1os de casados muy pronto. Ambos se fueron al cielo juntos para reencontrarse y seguir juntos en la eternidad. Un hermosa historia de amor que nos demuestro que el amor verdadero es para siempre.<\/p>\n<p><img loading=\"lazy\" decoding=\"async\" data-attachment-id=\"1038\" data-permalink=\"https:\/\/www.zapateriachis.com\/blog\/partieron-al-cielo-juntos-luego-de-75-anos-de-casados\/partieron-al-cielo-juntos-luego-de-75-anos-de-casados-01\/\" data-orig-file=\"https:\/\/i0.wp.com\/www.zapateriachis.com\/blog\/wp-content\/uploads\/2022\/04\/Partieron-al-cielo-juntos-luego-de-75-anos-de-casados-01.jpg?fit=605%2C681&amp;ssl=1\" data-orig-size=\"605,681\" data-comments-opened=\"1\" data-image-meta=\"{&quot;aperture&quot;:&quot;0&quot;,&quot;credit&quot;:&quot;&quot;,&quot;camera&quot;:&quot;&quot;,&quot;caption&quot;:&quot;&quot;,&quot;created_timestamp&quot;:&quot;0&quot;,&quot;copyright&quot;:&quot;&quot;,&quot;focal_length&quot;:&quot;0&quot;,&quot;iso&quot;:&quot;0&quot;,&quot;shutter_speed&quot;:&quot;0&quot;,&quot;title&quot;:&quot;&quot;,&quot;orientation&quot;:&quot;0&quot;}\" data-image-title=\"Partieron al cielo juntos luego de 75 a\u00f1os de casados 01\" data-image-description=\"\" data-image-caption=\"\" data-medium-file=\"https:\/\/i0.wp.com\/www.zapateriachis.com\/blog\/wp-content\/uploads\/2022\/04\/Partieron-al-cielo-juntos-luego-de-75-anos-de-casados-01.jpg?fit=267%2C300&amp;ssl=1\" data-large-file=\"https:\/\/i0.wp.com\/www.zapateriachis.com\/blog\/wp-content\/uploads\/2022\/04\/Partieron-al-cielo-juntos-luego-de-75-anos-de-casados-01.jpg?fit=605%2C681&amp;ssl=1\" class=\"aligncenter size-full wp-image-1038\" src=\"https:\/\/i0.wp.com\/www.zapateriachis.com\/blog\/wp-content\/uploads\/2022\/04\/Partieron-al-cielo-juntos-luego-de-75-anos-de-casados-01.jpg?resize=605%2C681\" alt=\"Partieron al cielo juntos luego de 75 a\u00f1os de casados 01\" width=\"605\" height=\"681\" srcset=\"https:\/\/i0.wp.com\/www.zapateriachis.com\/blog\/wp-content\/uploads\/2022\/04\/Partieron-al-cielo-juntos-luego-de-75-anos-de-casados-01.jpg?w=605&amp;ssl=1 605w, https:\/\/i0.wp.com\/www.zapateriachis.com\/blog\/wp-content\/uploads\/2022\/04\/Partieron-al-cielo-juntos-luego-de-75-anos-de-casados-01.jpg?resize=267%2C300&amp;ssl=1 267w\" sizes=\"(max-width: 605px) 100vw, 605px\" data-recalc-dims=\"1\" \/><\/p>\n<p>Esta pareja se conoci\u00f3 desde los 8 a\u00f1os, desde ese momento ambos tuvieron un cari\u00f1o y aprecio que se fue fortaleciendo con el pasar de los a\u00f1os.<\/p>\n<p><img loading=\"lazy\" decoding=\"async\" data-attachment-id=\"1039\" data-permalink=\"https:\/\/www.zapateriachis.com\/blog\/partieron-al-cielo-juntos-luego-de-75-anos-de-casados\/partieron-al-cielo-juntos-luego-de-75-anos-de-casados-02\/\" data-orig-file=\"https:\/\/i0.wp.com\/www.zapateriachis.com\/blog\/wp-content\/uploads\/2022\/04\/Partieron-al-cielo-juntos-luego-de-75-anos-de-casados-02.jpg?fit=605%2C372&amp;ssl=1\" data-orig-size=\"605,372\" data-comments-opened=\"1\" data-image-meta=\"{&quot;aperture&quot;:&quot;0&quot;,&quot;credit&quot;:&quot;&quot;,&quot;camera&quot;:&quot;&quot;,&quot;caption&quot;:&quot;&quot;,&quot;created_timestamp&quot;:&quot;0&quot;,&quot;copyright&quot;:&quot;&quot;,&quot;focal_length&quot;:&quot;0&quot;,&quot;iso&quot;:&quot;0&quot;,&quot;shutter_speed&quot;:&quot;0&quot;,&quot;title&quot;:&quot;&quot;,&quot;orientation&quot;:&quot;0&quot;}\" data-image-title=\"Partieron al cielo juntos luego de 75 a\u00f1os de casados 02\" data-image-description=\"\" data-image-caption=\"\" data-medium-file=\"https:\/\/i0.wp.com\/www.zapateriachis.com\/blog\/wp-content\/uploads\/2022\/04\/Partieron-al-cielo-juntos-luego-de-75-anos-de-casados-02.jpg?fit=300%2C184&amp;ssl=1\" data-large-file=\"https:\/\/i0.wp.com\/www.zapateriachis.com\/blog\/wp-content\/uploads\/2022\/04\/Partieron-al-cielo-juntos-luego-de-75-anos-de-casados-02.jpg?fit=605%2C372&amp;ssl=1\" class=\"aligncenter size-full wp-image-1039\" src=\"https:\/\/i0.wp.com\/www.zapateriachis.com\/blog\/wp-content\/uploads\/2022\/04\/Partieron-al-cielo-juntos-luego-de-75-anos-de-casados-02.jpg?resize=605%2C372\" alt=\"Partieron al cielo juntos luego de 75 a\u00f1os de casados\" width=\"605\" height=\"372\" srcset=\"https:\/\/i0.wp.com\/www.zapateriachis.com\/blog\/wp-content\/uploads\/2022\/04\/Partieron-al-cielo-juntos-luego-de-75-anos-de-casados-02.jpg?w=605&amp;ssl=1 605w, https:\/\/i0.wp.com\/www.zapateriachis.com\/blog\/wp-content\/uploads\/2022\/04\/Partieron-al-cielo-juntos-luego-de-75-anos-de-casados-02.jpg?resize=300%2C184&amp;ssl=1 300w\" sizes=\"(max-width: 605px) 100vw, 605px\" data-recalc-dims=\"1\" \/><br \/>Jeanette y Alexander son una gran demostraci\u00f3n que el cari\u00f1o y amor incondicional si existe. Ambos e unieron en matrimonio en el a\u00f1o 1940 y desde esa fecha no se han separado ni un solo momento, ambos juraron amor hasta que la muerte los separe. A pesar de las adversidades de la vida, el sentimiento que los un\u00eda los hizo afrontar los retos en las buenas y en las malas situaciones.<\/p>\n<p><img loading=\"lazy\" decoding=\"async\" data-attachment-id=\"1040\" data-permalink=\"https:\/\/www.zapateriachis.com\/blog\/partieron-al-cielo-juntos-luego-de-75-anos-de-casados\/partieron-al-cielo-juntos-luego-de-75-anos-de-casados-3\/\" data-orig-file=\"https:\/\/i0.wp.com\/www.zapateriachis.com\/blog\/wp-content\/uploads\/2022\/04\/Partieron-al-cielo-juntos-luego-de-75-anos-de-casados-3.jpg?fit=605%2C605&amp;ssl=1\" data-orig-size=\"605,605\" data-comments-opened=\"1\" data-image-meta=\"{&quot;aperture&quot;:&quot;0&quot;,&quot;credit&quot;:&quot;&quot;,&quot;camera&quot;:&quot;&quot;,&quot;caption&quot;:&quot;&quot;,&quot;created_timestamp&quot;:&quot;0&quot;,&quot;copyright&quot;:&quot;&quot;,&quot;focal_length&quot;:&quot;0&quot;,&quot;iso&quot;:&quot;0&quot;,&quot;shutter_speed&quot;:&quot;0&quot;,&quot;title&quot;:&quot;&quot;,&quot;orientation&quot;:&quot;0&quot;}\" data-image-title=\"Partieron al cielo juntos luego de 75 a\u00f1os de casados 3\" data-image-description=\"\" data-image-caption=\"\" data-medium-file=\"https:\/\/i0.wp.com\/www.zapateriachis.com\/blog\/wp-content\/uploads\/2022\/04\/Partieron-al-cielo-juntos-luego-de-75-anos-de-casados-3.jpg?fit=300%2C300&amp;ssl=1\" data-large-file=\"https:\/\/i0.wp.com\/www.zapateriachis.com\/blog\/wp-content\/uploads\/2022\/04\/Partieron-al-cielo-juntos-luego-de-75-anos-de-casados-3.jpg?fit=605%2C605&amp;ssl=1\" class=\"aligncenter size-full wp-image-1040\" src=\"https:\/\/i0.wp.com\/www.zapateriachis.com\/blog\/wp-content\/uploads\/2022\/04\/Partieron-al-cielo-juntos-luego-de-75-anos-de-casados-3.jpg?resize=605%2C605\" alt=\"Partieron al cielo juntos luego de 75 a\u00f1os de casados\" width=\"605\" height=\"605\" srcset=\"https:\/\/i0.wp.com\/www.zapateriachis.com\/blog\/wp-content\/uploads\/2022\/04\/Partieron-al-cielo-juntos-luego-de-75-anos-de-casados-3.jpg?w=605&amp;ssl=1 605w, https:\/\/i0.wp.com\/www.zapateriachis.com\/blog\/wp-content\/uploads\/2022\/04\/Partieron-al-cielo-juntos-luego-de-75-anos-de-casados-3.jpg?resize=300%2C300&amp;ssl=1 300w, https:\/\/i0.wp.com\/www.zapateriachis.com\/blog\/wp-content\/uploads\/2022\/04\/Partieron-al-cielo-juntos-luego-de-75-anos-de-casados-3.jpg?resize=150%2C150&amp;ssl=1 150w\" sizes=\"(max-width: 605px) 100vw, 605px\" data-recalc-dims=\"1\" \/><\/p>\n<p>Jeanette y Alexander fallecieron abrazados y juntos a escasas horas de diferencia. Un suceso que nos ha dejado muy sorprendido, ya que son muy pocas las veces que se conoce una historia de amor que tenga un final \u00fanico.<\/p>\n<p>Alexander hab\u00eda tenido una fractura de cadera unas semanas antes, motivo por el cual estaba inmovilizado y en recuperaci\u00f3n lenta. Su esposa Jeanette siempre lo cuidaba y velaba por lo que \u00e9l necesitaba. Sin embargo, ella enferm\u00f3 tambi\u00e9n y su familia decidi\u00f3 ponerlos en una habitaci\u00f3n dentro de un centro especializado en atenci\u00f3n para ancianos.<br \/>Ambos ten\u00edan un deseo \u00fanico para cuando llegue el d\u00eda de su muerte, quer\u00edan partir juntos abrazados.<\/p>\n<p>Su hija Aimee coment\u00f3 que sus corazones lat\u00edan como si fueran uno solo, ella le tomo una foto abrazados, es abrazo fue el \u00faltimo que se dieron. Con mucha tristeza y dolor por la p\u00e9rdida de ambos padres, se siente muy orgullosa del amor que ambos se tuvieron y que fueron de ejemplo para muchas parejas.<\/p>\n<p><img loading=\"lazy\" decoding=\"async\" data-attachment-id=\"1041\" data-permalink=\"https:\/\/www.zapateriachis.com\/blog\/partieron-al-cielo-juntos-luego-de-75-anos-de-casados\/partieron-al-cielo-juntos-luego-de-75-anos-de-casados-012\/\" data-orig-file=\"https:\/\/i0.wp.com\/www.zapateriachis.com\/blog\/wp-content\/uploads\/2022\/04\/Partieron-al-cielo-juntos-luego-de-75-anos-de-casados-012.jpg?fit=605%2C454&amp;ssl=1\" data-orig-size=\"605,454\" data-comments-opened=\"1\" data-image-meta=\"{&quot;aperture&quot;:&quot;0&quot;,&quot;credit&quot;:&quot;&quot;,&quot;camera&quot;:&quot;&quot;,&quot;caption&quot;:&quot;&quot;,&quot;created_timestamp&quot;:&quot;0&quot;,&quot;copyright&quot;:&quot;&quot;,&quot;focal_length&quot;:&quot;0&quot;,&quot;iso&quot;:&quot;0&quot;,&quot;shutter_speed&quot;:&quot;0&quot;,&quot;title&quot;:&quot;&quot;,&quot;orientation&quot;:&quot;0&quot;}\" data-image-title=\"Partieron al cielo juntos luego de 75 a\u00f1os de casados 012\" data-image-description=\"\" data-image-caption=\"\" data-medium-file=\"https:\/\/i0.wp.com\/www.zapateriachis.com\/blog\/wp-content\/uploads\/2022\/04\/Partieron-al-cielo-juntos-luego-de-75-anos-de-casados-012.jpg?fit=300%2C225&amp;ssl=1\" data-large-file=\"https:\/\/i0.wp.com\/www.zapateriachis.com\/blog\/wp-content\/uploads\/2022\/04\/Partieron-al-cielo-juntos-luego-de-75-anos-de-casados-012.jpg?fit=605%2C454&amp;ssl=1\" class=\"aligncenter size-full wp-image-1041\" src=\"https:\/\/i0.wp.com\/www.zapateriachis.com\/blog\/wp-content\/uploads\/2022\/04\/Partieron-al-cielo-juntos-luego-de-75-anos-de-casados-012.jpg?resize=605%2C454\" alt=\"Partieron al cielo juntos luego de 75 a\u00f1os de casados\" width=\"605\" height=\"454\" srcset=\"https:\/\/i0.wp.com\/www.zapateriachis.com\/blog\/wp-content\/uploads\/2022\/04\/Partieron-al-cielo-juntos-luego-de-75-anos-de-casados-012.jpg?w=605&amp;ssl=1 605w, https:\/\/i0.wp.com\/www.zapateriachis.com\/blog\/wp-content\/uploads\/2022\/04\/Partieron-al-cielo-juntos-luego-de-75-anos-de-casados-012.jpg?resize=300%2C225&amp;ssl=1 300w\" sizes=\"(max-width: 605px) 100vw, 605px\" data-recalc-dims=\"1\" \/><\/p>\n<p>Lo que jam\u00e1s se imagin\u00f3 fue que esa escena se har\u00eda viral y emocionar\u00eda a millones de personas y que sus padres se convertir\u00edan en un s\u00edmbolo de un amor \u00fanico y verdadero.<\/p>\n<p>\u00abFue sorprendente como estaban conectados\u00bb, fue lo que coment\u00f3 la enfermera que ten\u00eda a cargo a esta pareja.<\/p>\n<p>En el momento en que Alexander falleci\u00f3, su esposa le susurr\u00f3: \u00abTe amo. Esp\u00e9rame, estar\u00e9 ah\u00ed pronto\u00bb. Y luego de unas horas, fue que ella parti\u00f3 para encontrarse nuevamente con su amado esposo.<\/p>\n<p>Cumplieron su sue\u00f1o, su amor era tan grande que ten\u00edan que seguir juntos, en el cielo se reencontrar\u00edan para continuar uno al lado del otro hasta la eternidad.<\/p>\n<p>Su hija coment\u00f3 que gracias a que comparti\u00f3 la foto, la historia de amor de sus padres es conocida a nivel mundial. Ellos demuestran que el amor existe y que si luchan juntos, el amor siempre va a triunfar.<\/p>\n<p><img loading=\"lazy\" decoding=\"async\" data-attachment-id=\"1042\" data-permalink=\"https:\/\/www.zapateriachis.com\/blog\/partieron-al-cielo-juntos-luego-de-75-anos-de-casados\/partieron-al-cielo-juntos-luego-de-75-anos-de-casados-03\/\" data-orig-file=\"https:\/\/i0.wp.com\/www.zapateriachis.com\/blog\/wp-content\/uploads\/2022\/04\/Partieron-al-cielo-juntos-luego-de-75-anos-de-casados-03.jpg?fit=605%2C565&amp;ssl=1\" data-orig-size=\"605,565\" data-comments-opened=\"1\" data-image-meta=\"{&quot;aperture&quot;:&quot;0&quot;,&quot;credit&quot;:&quot;&quot;,&quot;camera&quot;:&quot;&quot;,&quot;caption&quot;:&quot;&quot;,&quot;created_timestamp&quot;:&quot;0&quot;,&quot;copyright&quot;:&quot;&quot;,&quot;focal_length&quot;:&quot;0&quot;,&quot;iso&quot;:&quot;0&quot;,&quot;shutter_speed&quot;:&quot;0&quot;,&quot;title&quot;:&quot;&quot;,&quot;orientation&quot;:&quot;0&quot;}\" data-image-title=\"Partieron al cielo juntos luego de 75 a\u00f1os de casados 03\" data-image-description=\"\" data-image-caption=\"\" data-medium-file=\"https:\/\/i0.wp.com\/www.zapateriachis.com\/blog\/wp-content\/uploads\/2022\/04\/Partieron-al-cielo-juntos-luego-de-75-anos-de-casados-03.jpg?fit=300%2C280&amp;ssl=1\" data-large-file=\"https:\/\/i0.wp.com\/www.zapateriachis.com\/blog\/wp-content\/uploads\/2022\/04\/Partieron-al-cielo-juntos-luego-de-75-anos-de-casados-03.jpg?fit=605%2C565&amp;ssl=1\" class=\"aligncenter size-full wp-image-1042\" src=\"https:\/\/i0.wp.com\/www.zapateriachis.com\/blog\/wp-content\/uploads\/2022\/04\/Partieron-al-cielo-juntos-luego-de-75-anos-de-casados-03.jpg?resize=605%2C565\" alt=\"Partieron al cielo juntos luego de 75 a\u00f1os de casados\" width=\"605\" height=\"565\" srcset=\"https:\/\/i0.wp.com\/www.zapateriachis.com\/blog\/wp-content\/uploads\/2022\/04\/Partieron-al-cielo-juntos-luego-de-75-anos-de-casados-03.jpg?w=605&amp;ssl=1 605w, https:\/\/i0.wp.com\/www.zapateriachis.com\/blog\/wp-content\/uploads\/2022\/04\/Partieron-al-cielo-juntos-luego-de-75-anos-de-casados-03.jpg?resize=300%2C280&amp;ssl=1 300w\" sizes=\"(max-width: 605px) 100vw, 605px\" data-recalc-dims=\"1\" \/><\/p>\n<p>Ambos dejan 5 hijos, 10 nietos y 6 bisnietos y todo un ejemplo de un uni\u00f3n y verdadero amor<\/p>\n<p><strong>\u00bfQu\u00e9 opinas del gran amor que se tuvo esta hermosa pareja?<\/strong><\/p>\n<!-- Begin Yuzo --><div class='yuzo_related_post style-1'  data-version='5.12.82'><!-- without result --><div class='yuzo_clearfixed yuzo__title yuzo__title'><h3>Relacionados<\/h3><\/div>\n\t\t\t\t\t\t  <div class=\"relatedthumb \" style=\"width:125px;float:left;overflow:hidden;\">  \n\t\t\t\t\t\t\t  \n\t\t\t\t\t\t\t  <a  href=\"https:\/\/www.zapateriachis.com\/blog\/chofer-y-ayudante-ayudaron-a-una-madre-a-salvar-a-su-hijo\/\"  >\n\t\t\t\t\t\t\t\t\t  <div class=\"yuzo-img-wrap \" style=\"width: 125px;height:90px;\">\n\t\t\t\t\t\t\t\t\t\t\n\t\t\t\t\t\t\t\t\t\t<div class=\"yuzo-img\" style=\"background:url('https:\/\/i0.wp.com\/www.zapateriachis.com\/blog\/wp-content\/uploads\/2022\/04\/Chofer-y-ayudante-ayudaron-a-una-madre-a-salvar-a-su-hijo.jpg?resize=150%2C150&ssl=1') 50% 50% no-repeat;width: 125px;height:90px;margin-bottom: 5px;background-size: cover; \"><\/div>\n\t\t\t\t\t\t\t\t\t  <\/div>\n\t\t\t\t\t\t\t\t\t  \n\t\t\t\t\t\t\t\t   <span class=\"yuzo__text--title\" style=\"font-size:13px;\">Chofer y ayudante ayudaron a una madre a salvar a ...<\/span>\n\t\t\t\t\t\t\t  \n\t\t\t\t\t\t\t  \n\t\t\t\t\t\t\t  <\/a>\n\n\t\t\t\t\t\t  <\/div>\n\t\t\t\t\t\t  <div class=\"relatedthumb \" style=\"width:125px;float:left;overflow:hidden;\">  \n\t\t\t\t\t\t\t  \n\t\t\t\t\t\t\t  <a  href=\"https:\/\/www.zapateriachis.com\/blog\/10-nombres-mitologicos-para-ninas-inspirados-en-diosas-2024\/\"  >\n\t\t\t\t\t\t\t\t\t  <div class=\"yuzo-img-wrap \" style=\"width: 125px;height:90px;\">\n\t\t\t\t\t\t\t\t\t\t\n\t\t\t\t\t\t\t\t\t\t<div class=\"yuzo-img\" style=\"background:url('https:\/\/i0.wp.com\/www.zapateriachis.com\/blog\/wp-content\/uploads\/2024\/06\/10-Nombres-Mitologicos-para-Ninas-Inspirados-en-Diosas-2024-1.jpg?resize=150%2C150&ssl=1') 50% 50% no-repeat;width: 125px;height:90px;margin-bottom: 5px;background-size: cover; \"><\/div>\n\t\t\t\t\t\t\t\t\t  <\/div>\n\t\t\t\t\t\t\t\t\t  \n\t\t\t\t\t\t\t\t   <span class=\"yuzo__text--title\" style=\"font-size:13px;\">10 Nombres Mitol\u00f3gicos para Ni\u00f1as Inspirados en Di...<\/span>\n\t\t\t\t\t\t\t  \n\t\t\t\t\t\t\t  \n\t\t\t\t\t\t\t  <\/a>\n\n\t\t\t\t\t\t  <\/div>\n\t\t\t\t\t\t  <div class=\"relatedthumb \" style=\"width:125px;float:left;overflow:hidden;\">  \n\t\t\t\t\t\t\t  \n\t\t\t\t\t\t\t  <a  href=\"https:\/\/www.zapateriachis.com\/blog\/complicaciones-en-el-embarazo-diabetes-gestacional\/\"  >\n\t\t\t\t\t\t\t\t\t  <div class=\"yuzo-img-wrap \" style=\"width: 125px;height:90px;\">\n\t\t\t\t\t\t\t\t\t\t\n\t\t\t\t\t\t\t\t\t\t<div class=\"yuzo-img\" style=\"background:url('https:\/\/i0.wp.com\/www.zapateriachis.com\/blog\/wp-content\/uploads\/2019\/08\/Complicaciones-en-el-embarazo-2.jpg?resize=150%2C150&ssl=1') 50% 50% no-repeat;width: 125px;height:90px;margin-bottom: 5px;background-size: cover; \"><\/div>\n\t\t\t\t\t\t\t\t\t  <\/div>\n\t\t\t\t\t\t\t\t\t  \n\t\t\t\t\t\t\t\t   <span class=\"yuzo__text--title\" style=\"font-size:13px;\">Complicaciones en el embarazo: Diabetes gestaciona...<\/span>\n\t\t\t\t\t\t\t  \n\t\t\t\t\t\t\t  \n\t\t\t\t\t\t\t  <\/a>\n\n\t\t\t\t\t\t  <\/div>\n\t\t\t\t\t\t  <div class=\"relatedthumb \" style=\"width:125px;float:left;overflow:hidden;\">  \n\t\t\t\t\t\t\t  \n\t\t\t\t\t\t\t  <a  href=\"https:\/\/www.zapateriachis.com\/blog\/mama-viaja-con-su-hijo-en-avion-y-les-regala-bolsas-con-tapones-para-los-oidos\/\"  >\n\t\t\t\t\t\t\t\t\t  <div class=\"yuzo-img-wrap \" style=\"width: 125px;height:90px;\">\n\t\t\t\t\t\t\t\t\t\t\n\t\t\t\t\t\t\t\t\t\t<div class=\"yuzo-img\" style=\"background:url('https:\/\/i0.wp.com\/www.zapateriachis.com\/blog\/wp-content\/uploads\/2022\/04\/Mama-viaja-con-su-hijo-en-avion-y-les-regala-bolsas-con-tapones-para-los-oidos.jpg?resize=150%2C150&ssl=1') 50% 50% no-repeat;width: 125px;height:90px;margin-bottom: 5px;background-size: cover; \"><\/div>\n\t\t\t\t\t\t\t\t\t  <\/div>\n\t\t\t\t\t\t\t\t\t  \n\t\t\t\t\t\t\t\t   <span class=\"yuzo__text--title\" style=\"font-size:13px;\">Mam\u00e1 viaja con su hijo en avi\u00f3n y les regala bolsa...<\/span>\n\t\t\t\t\t\t\t  \n\t\t\t\t\t\t\t  \n\t\t\t\t\t\t\t  <\/a>\n\n\t\t\t\t\t\t  <\/div>\n<\/div> <style>\n\t\t\t\t\t\t\t\t.yuzo_related_post img{width:120px !important; height:110px !important;}\n\t\t\t\t\t\t\t\t.yuzo_related_post .relatedthumb{line-height:15px;background: !important;color:!important;}\n\t\t\t\t\t\t\t\t.yuzo_related_post .relatedthumb:hover{background:#fcfcf4 !important; -webkit-transition: background 0.2s linear; -moz-transition: background 0.2s linear; -o-transition: background 0.2s linear; transition: background 0.2s linear;;color:!important;}\n\t\t\t\t\t\t\t\t.yuzo_related_post .relatedthumb a{color:!important;}\n\t\t\t\t\t\t\t\t.yuzo_related_post .relatedthumb a:hover{ color:}!important;}\n\t\t\t\t\t\t\t\t.yuzo_related_post .relatedthumb:hover a{ color:!important;}\n\t\t\t\t\t\t\t\t.yuzo_related_post .yuzo_text {color:!important;}\n\t\t\t\t\t\t\t\t.yuzo_related_post .relatedthumb:hover .yuzo_text {color:!important;}\n\t\t\t\t\t\t\t\t.yuzo_related_post .relatedthumb{  margin: 0px  0px  0px  0px;   padding: 5px  5px  5px  5px;  }\n\t\t\t\t\t\t\t\t\n\t\t\t\t\t\t\t\t<\/style> <script>\n\t\t\t\t\t\t  jQuery(document).ready(function( $ ){\n\t\t\t\t\t\t\t\/\/jQuery('.yuzo_related_post').equalizer({ overflow : 'relatedthumb' });\n\t\t\t\t\t\t\tjQuery('.yuzo_related_post .yuzo_wraps').equalizer({ columns : '> div' });\n\t\t\t\t\t\t   })\n\t\t\t\t\t\t  <\/script> <!-- End Yuzo :) -->","protected":false},"excerpt":{"rendered":"<p>Jeanette y Alexander Toczko eran una pareja de ancianos de 96 y 95 a\u00f1os juntos, que iban a cumplir 75 a\u00f1os de casados muy pronto. Ambos se fueron al cielo&hellip; <\/p>\n","protected":false},"author":1,"featured_media":1037,"comment_status":"open","ping_status":"open","sticky":false,"template":"","format":"standard","meta":{"jetpack_post_was_ever_published":false,"_jetpack_newsletter_access":"","_jetpack_dont_email_post_to_subs":false,"_jetpack_newsletter_tier_id":0,"_jetpack_memberships_contains_paywalled_content":false,"_jetpack_memberships_contains_paid_content":false,"footnotes":""},"categories":[176,242,7],"tags":[248],"yoast_head":"<!-- This site is optimized with the Yoast SEO plugin v22.7 - https:\/\/yoast.com\/wordpress\/plugins\/seo\/ -->\n<title>Partieron al cielo juntos luego de 75 a\u00f1os de casados - Zapateria Chis<\/title>\n<meta name=\"robots\" content=\"index, follow, max-snippet:-1, max-image-preview:large, max-video-preview:-1\" \/>\n<link rel=\"canonical\" href=\"https:\/\/www.zapateriachis.com\/blog\/partieron-al-cielo-juntos-luego-de-75-anos-de-casados\/\" \/>\n<meta property=\"og:locale\" content=\"es_ES\" \/>\n<meta property=\"og:type\" content=\"article\" \/>\n<meta property=\"og:title\" content=\"Partieron al cielo juntos luego de 75 a\u00f1os de casados - Zapateria Chis\" \/>\n<meta property=\"og:description\" content=\"Jeanette y Alexander Toczko eran una pareja de ancianos de 96 y 95 a\u00f1os juntos, que iban a cumplir 75 a\u00f1os de casados muy pronto. Ambos se fueron al cielo&hellip;\" \/>\n<meta property=\"og:url\" content=\"https:\/\/www.zapateriachis.com\/blog\/partieron-al-cielo-juntos-luego-de-75-anos-de-casados\/\" \/>\n<meta property=\"og:site_name\" content=\"Zapateria Chis\" \/>\n<meta property=\"article:publisher\" content=\"https:\/\/www.facebook.com\/zapatosbebes\/\" \/>\n<meta property=\"article:published_time\" content=\"2022-04-14T02:37:57+00:00\" \/>\n<meta property=\"article:modified_time\" content=\"2022-04-14T02:38:02+00:00\" \/>\n<meta property=\"og:image\" content=\"https:\/\/i0.wp.com\/www.zapateriachis.com\/blog\/wp-content\/uploads\/2022\/04\/Partieron-al-cielo-juntos-luego-de-75-anos-de-casados.jpg?fit=880%2C660&ssl=1\" \/>\n\t<meta property=\"og:image:width\" content=\"880\" \/>\n\t<meta property=\"og:image:height\" content=\"660\" \/>\n\t<meta property=\"og:image:type\" content=\"image\/jpeg\" \/>\n<meta name=\"author\" content=\"zapateriachis\" \/>\n<meta name=\"twitter:card\" content=\"summary_large_image\" \/>\n<meta name=\"twitter:creator\" content=\"@calzadobebes\" \/>\n<meta name=\"twitter:site\" content=\"@calzadobebes\" \/>\n<meta name=\"twitter:label1\" content=\"Escrito por\" \/>\n\t<meta name=\"twitter:data1\" content=\"zapateriachis\" \/>\n\t<meta name=\"twitter:label2\" content=\"Tiempo de lectura\" \/>\n\t<meta name=\"twitter:data2\" content=\"4 minutos\" \/>\n<script type=\"application\/ld+json\" class=\"yoast-schema-graph\">{\"@context\":\"https:\/\/schema.org\",\"@graph\":[{\"@type\":\"WebPage\",\"@id\":\"https:\/\/www.zapateriachis.com\/blog\/partieron-al-cielo-juntos-luego-de-75-anos-de-casados\/\",\"url\":\"https:\/\/www.zapateriachis.com\/blog\/partieron-al-cielo-juntos-luego-de-75-anos-de-casados\/\",\"name\":\"Partieron al cielo juntos luego de 75 a\u00f1os de casados - Zapateria Chis\",\"isPartOf\":{\"@id\":\"https:\/\/www.zapateriachis.com\/blog\/#website\"},\"primaryImageOfPage\":{\"@id\":\"https:\/\/www.zapateriachis.com\/blog\/partieron-al-cielo-juntos-luego-de-75-anos-de-casados\/#primaryimage\"},\"image\":{\"@id\":\"https:\/\/www.zapateriachis.com\/blog\/partieron-al-cielo-juntos-luego-de-75-anos-de-casados\/#primaryimage\"},\"thumbnailUrl\":\"https:\/\/i0.wp.com\/www.zapateriachis.com\/blog\/wp-content\/uploads\/2022\/04\/Partieron-al-cielo-juntos-luego-de-75-anos-de-casados.jpg?fit=880%2C660&ssl=1\",\"datePublished\":\"2022-04-14T02:37:57+00:00\",\"dateModified\":\"2022-04-14T02:38:02+00:00\",\"author\":{\"@id\":\"https:\/\/www.zapateriachis.com\/blog\/#\/schema\/person\/61c3f590b83dc3da52b32ad72fe1d054\"},\"breadcrumb\":{\"@id\":\"https:\/\/www.zapateriachis.com\/blog\/partieron-al-cielo-juntos-luego-de-75-anos-de-casados\/#breadcrumb\"},\"inLanguage\":\"es\",\"potentialAction\":[{\"@type\":\"ReadAction\",\"target\":[\"https:\/\/www.zapateriachis.com\/blog\/partieron-al-cielo-juntos-luego-de-75-anos-de-casados\/\"]}]},{\"@type\":\"ImageObject\",\"inLanguage\":\"es\",\"@id\":\"https:\/\/www.zapateriachis.com\/blog\/partieron-al-cielo-juntos-luego-de-75-anos-de-casados\/#primaryimage\",\"url\":\"https:\/\/i0.wp.com\/www.zapateriachis.com\/blog\/wp-content\/uploads\/2022\/04\/Partieron-al-cielo-juntos-luego-de-75-anos-de-casados.jpg?fit=880%2C660&ssl=1\",\"contentUrl\":\"https:\/\/i0.wp.com\/www.zapateriachis.com\/blog\/wp-content\/uploads\/2022\/04\/Partieron-al-cielo-juntos-luego-de-75-anos-de-casados.jpg?fit=880%2C660&ssl=1\",\"width\":880,\"height\":660,\"caption\":\"Partieron al cielo juntos luego de 75 a\u00f1os de casados\"},{\"@type\":\"BreadcrumbList\",\"@id\":\"https:\/\/www.zapateriachis.com\/blog\/partieron-al-cielo-juntos-luego-de-75-anos-de-casados\/#breadcrumb\",\"itemListElement\":[{\"@type\":\"ListItem\",\"position\":1,\"name\":\"Portada\",\"item\":\"https:\/\/www.zapateriachis.com\/blog\/\"},{\"@type\":\"ListItem\",\"position\":2,\"name\":\"Partieron al cielo juntos luego de 75 a\u00f1os de casados\"}]},{\"@type\":\"WebSite\",\"@id\":\"https:\/\/www.zapateriachis.com\/blog\/#website\",\"url\":\"https:\/\/www.zapateriachis.com\/blog\/\",\"name\":\"Zapateria Chis\",\"description\":\"Calzados para beb\u00e9s\",\"potentialAction\":[{\"@type\":\"SearchAction\",\"target\":{\"@type\":\"EntryPoint\",\"urlTemplate\":\"https:\/\/www.zapateriachis.com\/blog\/?s={search_term_string}\"},\"query-input\":\"required name=search_term_string\"}],\"inLanguage\":\"es\"},{\"@type\":\"Person\",\"@id\":\"https:\/\/www.zapateriachis.com\/blog\/#\/schema\/person\/61c3f590b83dc3da52b32ad72fe1d054\",\"name\":\"zapateriachis\",\"image\":{\"@type\":\"ImageObject\",\"inLanguage\":\"es\",\"@id\":\"https:\/\/www.zapateriachis.com\/blog\/#\/schema\/person\/image\/\",\"url\":\"https:\/\/secure.gravatar.com\/avatar\/148060ab2023b805921979f369e0f38c?s=96&d=mm&r=g\",\"contentUrl\":\"https:\/\/secure.gravatar.com\/avatar\/148060ab2023b805921979f369e0f38c?s=96&d=mm&r=g\",\"caption\":\"zapateriachis\"},\"url\":\"https:\/\/www.zapateriachis.com\/blog\/author\/zapateriachis\/\"}]}<\/script>\n<!-- \/ Yoast SEO plugin. -->","yoast_head_json":{"title":"Partieron al cielo juntos luego de 75 a\u00f1os de casados - Zapateria Chis","robots":{"index":"index","follow":"follow","max-snippet":"max-snippet:-1","max-image-preview":"max-image-preview:large","max-video-preview":"max-video-preview:-1"},"canonical":"https:\/\/www.zapateriachis.com\/blog\/partieron-al-cielo-juntos-luego-de-75-anos-de-casados\/","og_locale":"es_ES","og_type":"article","og_title":"Partieron al cielo juntos luego de 75 a\u00f1os de casados - Zapateria Chis","og_description":"Jeanette y Alexander Toczko eran una pareja de ancianos de 96 y 95 a\u00f1os juntos, que iban a cumplir 75 a\u00f1os de casados muy pronto. Ambos se fueron al cielo&hellip;","og_url":"https:\/\/www.zapateriachis.com\/blog\/partieron-al-cielo-juntos-luego-de-75-anos-de-casados\/","og_site_name":"Zapateria Chis","article_publisher":"https:\/\/www.facebook.com\/zapatosbebes\/","article_published_time":"2022-04-14T02:37:57+00:00","article_modified_time":"2022-04-14T02:38:02+00:00","og_image":[{"width":880,"height":660,"url":"https:\/\/i0.wp.com\/www.zapateriachis.com\/blog\/wp-content\/uploads\/2022\/04\/Partieron-al-cielo-juntos-luego-de-75-anos-de-casados.jpg?fit=880%2C660&ssl=1","type":"image\/jpeg"}],"author":"zapateriachis","twitter_card":"summary_large_image","twitter_creator":"@calzadobebes","twitter_site":"@calzadobebes","twitter_misc":{"Escrito por":"zapateriachis","Tiempo de lectura":"4 minutos"},"schema":{"@context":"https:\/\/schema.org","@graph":[{"@type":"WebPage","@id":"https:\/\/www.zapateriachis.com\/blog\/partieron-al-cielo-juntos-luego-de-75-anos-de-casados\/","url":"https:\/\/www.zapateriachis.com\/blog\/partieron-al-cielo-juntos-luego-de-75-anos-de-casados\/","name":"Partieron al cielo juntos luego de 75 a\u00f1os de casados - Zapateria Chis","isPartOf":{"@id":"https:\/\/www.zapateriachis.com\/blog\/#website"},"primaryImageOfPage":{"@id":"https:\/\/www.zapateriachis.com\/blog\/partieron-al-cielo-juntos-luego-de-75-anos-de-casados\/#primaryimage"},"image":{"@id":"https:\/\/www.zapateriachis.com\/blog\/partieron-al-cielo-juntos-luego-de-75-anos-de-casados\/#primaryimage"},"thumbnailUrl":"https:\/\/i0.wp.com\/www.zapateriachis.com\/blog\/wp-content\/uploads\/2022\/04\/Partieron-al-cielo-juntos-luego-de-75-anos-de-casados.jpg?fit=880%2C660&ssl=1","datePublished":"2022-04-14T02:37:57+00:00","dateModified":"2022-04-14T02:38:02+00:00","author":{"@id":"https:\/\/www.zapateriachis.com\/blog\/#\/schema\/person\/61c3f590b83dc3da52b32ad72fe1d054"},"breadcrumb":{"@id":"https:\/\/www.zapateriachis.com\/blog\/partieron-al-cielo-juntos-luego-de-75-anos-de-casados\/#breadcrumb"},"inLanguage":"es","potentialAction":[{"@type":"ReadAction","target":["https:\/\/www.zapateriachis.com\/blog\/partieron-al-cielo-juntos-luego-de-75-anos-de-casados\/"]}]},{"@type":"ImageObject","inLanguage":"es","@id":"https:\/\/www.zapateriachis.com\/blog\/partieron-al-cielo-juntos-luego-de-75-anos-de-casados\/#primaryimage","url":"https:\/\/i0.wp.com\/www.zapateriachis.com\/blog\/wp-content\/uploads\/2022\/04\/Partieron-al-cielo-juntos-luego-de-75-anos-de-casados.jpg?fit=880%2C660&ssl=1","contentUrl":"https:\/\/i0.wp.com\/www.zapateriachis.com\/blog\/wp-content\/uploads\/2022\/04\/Partieron-al-cielo-juntos-luego-de-75-anos-de-casados.jpg?fit=880%2C660&ssl=1","width":880,"height":660,"caption":"Partieron al cielo juntos luego de 75 a\u00f1os de casados"},{"@type":"BreadcrumbList","@id":"https:\/\/www.zapateriachis.com\/blog\/partieron-al-cielo-juntos-luego-de-75-anos-de-casados\/#breadcrumb","itemListElement":[{"@type":"ListItem","position":1,"name":"Portada","item":"https:\/\/www.zapateriachis.com\/blog\/"},{"@type":"ListItem","position":2,"name":"Partieron al cielo juntos luego de 75 a\u00f1os de casados"}]},{"@type":"WebSite","@id":"https:\/\/www.zapateriachis.com\/blog\/#website","url":"https:\/\/www.zapateriachis.com\/blog\/","name":"Zapateria Chis","description":"Calzados para beb\u00e9s","potentialAction":[{"@type":"SearchAction","target":{"@type":"EntryPoint","urlTemplate":"https:\/\/www.zapateriachis.com\/blog\/?s={search_term_string}"},"query-input":"required name=search_term_string"}],"inLanguage":"es"},{"@type":"Person","@id":"https:\/\/www.zapateriachis.com\/blog\/#\/schema\/person\/61c3f590b83dc3da52b32ad72fe1d054","name":"zapateriachis","image":{"@type":"ImageObject","inLanguage":"es","@id":"https:\/\/www.zapateriachis.com\/blog\/#\/schema\/person\/image\/","url":"https:\/\/secure.gravatar.com\/avatar\/148060ab2023b805921979f369e0f38c?s=96&d=mm&r=g","contentUrl":"https:\/\/secure.gravatar.com\/avatar\/148060ab2023b805921979f369e0f38c?s=96&d=mm&r=g","caption":"zapateriachis"},"url":"https:\/\/www.zapateriachis.com\/blog\/author\/zapateriachis\/"}]}},"jetpack_featured_media_url":"https:\/\/i0.wp.com\/www.zapateriachis.com\/blog\/wp-content\/uploads\/2022\/04\/Partieron-al-cielo-juntos-luego-de-75-anos-de-casados.jpg?fit=880%2C660&ssl=1","jetpack_sharing_enabled":true,"jetpack_shortlink":"https:\/\/wp.me\/parlCB-gI","jetpack-related-posts":[],"_links":{"self":[{"href":"https:\/\/www.zapateriachis.com\/blog\/wp-json\/wp\/v2\/posts\/1036"}],"collection":[{"href":"https:\/\/www.zapateriachis.com\/blog\/wp-json\/wp\/v2\/posts"}],"about":[{"href":"https:\/\/www.zapateriachis.com\/blog\/wp-json\/wp\/v2\/types\/post"}],"author":[{"embeddable":true,"href":"https:\/\/www.zapateriachis.com\/blog\/wp-json\/wp\/v2\/users\/1"}],"replies":[{"embeddable":true,"href":"https:\/\/www.zapateriachis.com\/blog\/wp-json\/wp\/v2\/comments?post=1036"}],"version-history":[{"count":1,"href":"https:\/\/www.zapateriachis.com\/blog\/wp-json\/wp\/v2\/posts\/1036\/revisions"}],"predecessor-version":[{"id":1043,"href":"https:\/\/www.zapateriachis.com\/blog\/wp-json\/wp\/v2\/posts\/1036\/revisions\/1043"}],"wp:featuredmedia":[{"embeddable":true,"href":"https:\/\/www.zapateriachis.com\/blog\/wp-json\/wp\/v2\/media\/1037"}],"wp:attachment":[{"href":"https:\/\/www.zapateriachis.com\/blog\/wp-json\/wp\/v2\/media?parent=1036"}],"wp:term":[{"taxonomy":"category","embeddable":true,"href":"https:\/\/www.zapateriachis.com\/blog\/wp-json\/wp\/v2\/categories?post=1036"},{"taxonomy":"post_tag","embeddable":true,"href":"https:\/\/www.zapateriachis.com\/blog\/wp-json\/wp\/v2\/tags?post=1036"}],"curies":[{"name":"wp","href":"https:\/\/api.w.org\/{rel}","templated":true}]}}